{"id":168014,"date":"2022-09-20T10:00:00","date_gmt":"2022-09-20T08:00:00","guid":{"rendered":"https:\/\/www.tucomarca.com\/wordpress\/segunda\/?p=168014"},"modified":"2022-09-20T21:49:44","modified_gmt":"2022-09-20T19:49:44","slug":"la-sim-la-primitiva-de-alborache-actua-en-el-campo-de-mestalla-durante-el-partido-valencia-cf-rc-celta","status":"publish","type":"post","link":"https:\/\/www.tucomarca.com\/wordpress\/segunda\/la-sim-la-primitiva-de-alborache-actua-en-el-campo-de-mestalla-durante-el-partido-valencia-cf-rc-celta\/","title":{"rendered":"La SIM \u00abLa Primitiva\u00bb de Alborache act\u00faa en el campo de Mestalla durante el partido Valencia CF-RC Celta"},"content":{"rendered":"\n<figure class=\"wp-block-gallery has-nested-images columns-default is-cropped wp-block-gallery-1 is-layout-flex wp-block-gallery-is-layout-flex\">\n<figure class=\"wp-block-image size-large\"><img loading=\"lazy\" decoding=\"async\" width=\"1181\" height=\"886\" data-id=\"168021\" src=\"https:\/\/www.tucomarca.com\/wordpress\/segunda\/wp-content\/uploads\/2022\/09\/Alborache_Mestalla02.jpg\" alt=\"\" class=\"wp-image-168021\" srcset=\"https:\/\/www.tucomarca.com\/wordpress\/segunda\/wp-content\/uploads\/2022\/09\/Alborache_Mestalla02.jpg 1181w, https:\/\/www.tucomarca.com\/wordpress\/segunda\/wp-content\/uploads\/2022\/09\/Alborache_Mestalla02-300x225.jpg 300w, https:\/\/www.tucomarca.com\/wordpress\/segunda\/wp-content\/uploads\/2022\/09\/Alborache_Mestalla02-1024x768.jpg 1024w, https:\/\/www.tucomarca.com\/wordpress\/segunda\/wp-content\/uploads\/2022\/09\/Alborache_Mestalla02-768x576.jpg 768w, https:\/\/www.tucomarca.com\/wordpress\/segunda\/wp-content\/uploads\/2022\/09\/Alborache_Mestalla02-678x509.jpg 678w, https:\/\/www.tucomarca.com\/wordpress\/segunda\/wp-content\/uploads\/2022\/09\/Alborache_Mestalla02-326x245.jpg 326w, https:\/\/www.tucomarca.com\/wordpress\/segunda\/wp-content\/uploads\/2022\/09\/Alborache_Mestalla02-80x60.jpg 80w\" sizes=\"auto, (max-width: 1181px) 100vw, 1181px\" \/><\/figure>\n\n\n\n<figure class=\"wp-block-image size-large\"><img loading=\"lazy\" decoding=\"async\" width=\"1181\" height=\"886\" data-id=\"168023\" src=\"https:\/\/www.tucomarca.com\/wordpress\/segunda\/wp-content\/uploads\/2022\/09\/Alborache_Mestalla03.jpg\" alt=\"\" class=\"wp-image-168023\" srcset=\"https:\/\/www.tucomarca.com\/wordpress\/segunda\/wp-content\/uploads\/2022\/09\/Alborache_Mestalla03.jpg 1181w, https:\/\/www.tucomarca.com\/wordpress\/segunda\/wp-content\/uploads\/2022\/09\/Alborache_Mestalla03-300x225.jpg 300w, https:\/\/www.tucomarca.com\/wordpress\/segunda\/wp-content\/uploads\/2022\/09\/Alborache_Mestalla03-1024x768.jpg 1024w, https:\/\/www.tucomarca.com\/wordpress\/segunda\/wp-content\/uploads\/2022\/09\/Alborache_Mestalla03-768x576.jpg 768w, https:\/\/www.tucomarca.com\/wordpress\/segunda\/wp-content\/uploads\/2022\/09\/Alborache_Mestalla03-678x509.jpg 678w, https:\/\/www.tucomarca.com\/wordpress\/segunda\/wp-content\/uploads\/2022\/09\/Alborache_Mestalla03-326x245.jpg 326w, https:\/\/www.tucomarca.com\/wordpress\/segunda\/wp-content\/uploads\/2022\/09\/Alborache_Mestalla03-80x60.jpg 80w\" sizes=\"auto, (max-width: 1181px) 100vw, 1181px\" \/><\/figure>\n\n\n\n<figure class=\"wp-block-image size-large\"><img loading=\"lazy\" decoding=\"async\" width=\"1181\" height=\"786\" data-id=\"168025\" src=\"https:\/\/www.tucomarca.com\/wordpress\/segunda\/wp-content\/uploads\/2022\/09\/Alborache_Mestalla04.jpg\" alt=\"\" class=\"wp-image-168025\" srcset=\"https:\/\/www.tucomarca.com\/wordpress\/segunda\/wp-content\/uploads\/2022\/09\/Alborache_Mestalla04.jpg 1181w, https:\/\/www.tucomarca.com\/wordpress\/segunda\/wp-content\/uploads\/2022\/09\/Alborache_Mestalla04-300x200.jpg 300w, https:\/\/www.tucomarca.com\/wordpress\/segunda\/wp-content\/uploads\/2022\/09\/Alborache_Mestalla04-1024x682.jpg 1024w, https:\/\/www.tucomarca.com\/wordpress\/segunda\/wp-content\/uploads\/2022\/09\/Alborache_Mestalla04-768x511.jpg 768w\" sizes=\"auto, (max-width: 1181px) 100vw, 1181px\" \/><\/figure>\n<\/figure>\n\n\n\n<p>La Sociedad Instructivo Musical \u00abLa Primitiva\u00bb de Alborache ha sido la encargada este pasado s\u00e1bado, 17 de septiembre, en el Campo de Mestalla de abrir el partido Valencia CF-RC Celta&nbsp;<\/p>\n\n\n\n<p>Una visita al coliseo valenciano a la que tambi\u00e9n asisti\u00f3 Jorge Manrique, concejal de Deportes en representaci\u00f3n del Ayuntamiento.<\/p>\n\n\n\n<p>\u201cAgradecemos al Valencia CF su trato en esta visita, as\u00ed como su apoyo y reconocimiento a la importancia cultural que tienen las bandas de m\u00fasica en nuestra comunidad\u201d a\u00f1aden desde el consistorio.<\/p>\n\n\n\n<p>Bajo la batuta de su director, Francisco Perell\u00f3 interpretaron:<\/p>\n\n\n\n<p>BOROSKO, de Juan Jos\u00e9 P\u00e9rez&nbsp;<\/p>\n\n\n\n<p>\u00abAMUNT VAL\u00c8NCIA\u00bb, himno de Pablo S\u00e1nchez Torrella.&nbsp;<\/p>\n\n\n\n<p>FIESTA EN BENIDORM, de R. Dom\u00e9nech Pardo&nbsp;<\/p>\n\n\n\n<p>RAGON FALEZ, de Emilio Cebri\u00e1n Ruiz&nbsp;<\/p>\n\n\n\n<p><strong>PRIMERA PARTE:&nbsp;<\/strong><\/p>\n\n\n\n<p>Minuto 10: ALFARA DE ALGIMIA, de Mart\u00edn Alonso&nbsp;<\/p>\n\n\n\n<p>Minuto 20: CARIDAD GUARDIOLA, de Antonio Carrillos&nbsp;<\/p>\n\n\n\n<p>Minuto 30: MERCADO CHICO, de A. Piquero&nbsp;<\/p>\n\n\n\n<p>Minuto 40: JOSE LUIS VALERO, de Jos\u00e9 Teruel Vidal&nbsp;<\/p>\n\n\n\n<p><strong>SEGUNDA PARTE:<\/strong><\/p>\n\n\n\n<p>Minuto 10, FRANCISCO BRAVO, de Manuel Carrascosa&nbsp;<\/p>\n\n\n\n<p>Minuto 20: P\u00c9REZ BARCEL\u00d3, de Bernab\u00e9 Sanchis&nbsp;<\/p>\n\n\n\n<p>Minuto 30: TOM\u00c1S FERR\u00daS, de G. Garrigues&nbsp;<\/p>\n\n\n\n<p>Minuto 40: EL GATO MONT\u00c9S, de M. Penella&nbsp;<\/p>\n","protected":false},"excerpt":{"rendered":"<div class=\"mh-excerpt\">La Sociedad Instructivo Musical \u00abLa Primitiva\u00bb de Alborache ha sido la encargada este pasado s\u00e1bado, 17 de septiembre, en el Campo de Mestalla de abrir el partido Valencia CF-RC Celta&nbsp; Una visita al coliseo valenciano <a class=\"mh-excerpt-more\" href=\"https:\/\/www.tucomarca.com\/wordpress\/segunda\/la-sim-la-primitiva-de-alborache-actua-en-el-campo-de-mestalla-durante-el-partido-valencia-cf-rc-celta\/\" title=\"La SIM \u00abLa Primitiva\u00bb de Alborache act\u00faa en el campo de Mestalla durante el partido Valencia CF-RC Celta\">[+] <\/a><\/div>\n","protected":false},"author":12,"featured_media":168019,"comment_status":"open","ping_status":"open","sticky":false,"template":"","format":"gallery","meta":{"footnotes":""},"categories":[19,66,8,10,7,3],"tags":[10386,5649,5952,14562,1810],"class_list":{"0":"post-168014","1":"post","2":"type-post","3":"status-publish","4":"format-gallery","5":"has-post-thumbnail","7":"category-alborache","8":"category-musica","9":"category-la-comarca","10":"category-la-hoya","11":"category-ocio-y-cultura","12":"category-seccion","13":"tag-alborache","14":"tag-estadio-mestalla","15":"tag-la-hoya-de-bunol-chiva","16":"tag-sim-la-primitiva-de-alborache-2","17":"tag-valencia-cf","18":"post_format-post-format-gallery"},"_links":{"self":[{"href":"https:\/\/www.tucomarca.com\/wordpress\/segunda\/wp-json\/wp\/v2\/posts\/168014","targetHints":{"allow":["GET"]}}],"collection":[{"href":"https:\/\/www.tucomarca.com\/wordpress\/segunda\/wp-json\/wp\/v2\/posts"}],"about":[{"href":"https:\/\/www.tucomarca.com\/wordpress\/segunda\/wp-json\/wp\/v2\/types\/post"}],"author":[{"embeddable":true,"href":"https:\/\/www.tucomarca.com\/wordpress\/segunda\/wp-json\/wp\/v2\/users\/12"}],"replies":[{"embeddable":true,"href":"https:\/\/www.tucomarca.com\/wordpress\/segunda\/wp-json\/wp\/v2\/comments?post=168014"}],"version-history":[{"count":0,"href":"https:\/\/www.tucomarca.com\/wordpress\/segunda\/wp-json\/wp\/v2\/posts\/168014\/revisions"}],"wp:featuredmedia":[{"embeddable":true,"href":"https:\/\/www.tucomarca.com\/wordpress\/segunda\/wp-json\/wp\/v2\/media\/168019"}],"wp:attachment":[{"href":"https:\/\/www.tucomarca.com\/wordpress\/segunda\/wp-json\/wp\/v2\/media?parent=168014"}],"wp:term":[{"taxonomy":"category","embeddable":true,"href":"https:\/\/www.tucomarca.com\/wordpress\/segunda\/wp-json\/wp\/v2\/categories?post=168014"},{"taxonomy":"post_tag","embeddable":true,"href":"https:\/\/www.tucomarca.com\/wordpress\/segunda\/wp-json\/wp\/v2\/tags?post=168014"}],"curies":[{"name":"wp","href":"https:\/\/api.w.org\/{rel}","templated":true}]}}