{"id":16802,"date":"2013-07-29T19:22:00","date_gmt":"2013-07-29T16:22:00","guid":{"rendered":"http:\/\/www.tucomarca.com\/wordpress\/segunda\/?p=16802"},"modified":"2013-07-29T19:22:00","modified_gmt":"2013-07-29T16:22:00","slug":"csi%c2%b7f-convoca-paros-en-las-jefaturas-provinciales-de-trafico-de-alicante-castellon-y-valencia-y-en-la-oficina-de-alzira","status":"publish","type":"post","link":"https:\/\/www.tucomarca.com\/wordpress\/segunda\/csi%c2%b7f-convoca-paros-en-las-jefaturas-provinciales-de-trafico-de-alicante-castellon-y-valencia-y-en-la-oficina-de-alzira\/","title":{"rendered":"CSI\u00b7F convoca paros en las jefaturas provinciales de Tr\u00e1fico de Alicante, Castell\u00f3n y Valencia y en la oficina de Alzira"},"content":{"rendered":"<p>El sindicato CSI\u00b7F ha convocado paros parciales en todas las sedes de las jefaturas provinciales de tr\u00e1fico (DGT), entre ellas las de Alicante, Castell\u00f3n y Valencia, adem\u00e1s de en la Oficina Local de Tr\u00e1fico de Alzira. Los paros tendr\u00e1n lugar ma\u00f1ana martes 30 de julio, de 12.00 a 12.30 horas. Los empleados se concentrar\u00e1n en la puerta. El motivo consiste en reclamar m\u00e1s seguridad para los trabajadores, rechazar la privatizaci\u00f3n y externalizaci\u00f3n de algunos servicios y pedir recuperar los derechos de los empleados p\u00fablicos perdidos, adem\u00e1s de mejoras de la operatividad laboral.<\/p>\n<p>La Central Sindical Independiente y de Funcionarios (CSI\u00b7F) explica que en la provincia de Valencia la situaci\u00f3n de los 29 examinadores y tres coordinadores de ex\u00e1menes de la Jefatura Provincial ha empeorado con el nuevo modelo examinador, que obliga a decir oralmente la nota al examinado. Adem\u00e1s, en los \u00faltimos dos a\u00f1os ha disminuido un 20 por ciento la plantilla. La media de edad supera los 51 a\u00f1os y no existe una formaci\u00f3n \u00e1gil para cubrir vacantes.<\/p>\n<p>El sindicato destaca que personal como examinadores de tr\u00e1fico o funcionarios de ventanilla soportan cada vez con m\u00e1s frecuencia amenazas, insultos e incluso agresiones. CSI\u00b7F recuerda que en muchos casos el motivo de las visitas a Tr\u00e1fico lo constituye la obligaci\u00f3n de pago de tasas y multas, lo que provoca episodios desagradables que hacen del trabajo diario, en algunas ocasiones, un desgaste psicol\u00f3gico en los empleados p\u00fablicos. Lo mismo ocurre con el personal examinador de las pruebas para la obtenci\u00f3n del carn\u00e9 de conducir. Este colectivo de trabajadores se ve obligado, con el nuevo reglamento, a notificar los suspensos directamente al aspirante.<\/p>\n<p>La central sindical solicit\u00f3 por escrito a la Direcci\u00f3n Provincial de Tr\u00e1fico de Valencia que habilitara lugares seguros para la comunicaci\u00f3n al alumno del resultado de la prueba sin temor a que pueda producirse una reacci\u00f3n agresiva e incluso violenta, como ha ocurrido en ciertos casos.<\/p>\n<p>El sindicato CSI\u00b7F, mediante esta convocatoria que afecta a alrededor de 240 empleados p\u00fablicos en la provincia de Valencia y a unos 4.300 en toda Espa\u00f1a llamados a secundar los paros, pretende reivindicar la falta de seguridad de los trabajadores de la DGT y el deterioro de las condiciones laborales de estos empleados por la aplicaci\u00f3n de numerosos recortes.<\/p>\n","protected":false},"excerpt":{"rendered":"<div class=\"mh-excerpt\">El sindicato CSI\u00b7F ha convocado paros parciales en todas las sedes de las jefaturas provinciales de tr\u00e1fico (DGT), entre ellas las de Alicante, Castell\u00f3n y Valencia, adem\u00e1s de en la Oficina Local de Tr\u00e1fico de <a class=\"mh-excerpt-more\" href=\"https:\/\/www.tucomarca.com\/wordpress\/segunda\/csi%c2%b7f-convoca-paros-en-las-jefaturas-provinciales-de-trafico-de-alicante-castellon-y-valencia-y-en-la-oficina-de-alzira\/\" title=\"CSI\u00b7F convoca paros en las jefaturas provinciales de Tr\u00e1fico de Alicante, Castell\u00f3n y Valencia y en la oficina de Alzira\">[+] <\/a><\/div>\n","protected":false},"author":2,"featured_media":0,"comment_status":"open","ping_status":"open","sticky":false,"template":"","format":"standard","meta":{"footnotes":""},"categories":[69,8,72,42,3],"tags":[337,1514,1513],"class_list":{"0":"post-16802","1":"post","2":"type-post","3":"status-publish","4":"format-standard","6":"category-alzira","7":"category-la-comarca","8":"category-sin-categorizar","9":"category-la-ribera","10":"category-seccion","11":"tag-csi-f","12":"tag-dgt","13":"tag-paros"},"_links":{"self":[{"href":"https:\/\/www.tucomarca.com\/wordpress\/segunda\/wp-json\/wp\/v2\/posts\/16802","targetHints":{"allow":["GET"]}}],"collection":[{"href":"https:\/\/www.tucomarca.com\/wordpress\/segunda\/wp-json\/wp\/v2\/posts"}],"about":[{"href":"https:\/\/www.tucomarca.com\/wordpress\/segunda\/wp-json\/wp\/v2\/types\/post"}],"author":[{"embeddable":true,"href":"https:\/\/www.tucomarca.com\/wordpress\/segunda\/wp-json\/wp\/v2\/users\/2"}],"replies":[{"embeddable":true,"href":"https:\/\/www.tucomarca.com\/wordpress\/segunda\/wp-json\/wp\/v2\/comments?post=16802"}],"version-history":[{"count":0,"href":"https:\/\/www.tucomarca.com\/wordpress\/segunda\/wp-json\/wp\/v2\/posts\/16802\/revisions"}],"wp:attachment":[{"href":"https:\/\/www.tucomarca.com\/wordpress\/segunda\/wp-json\/wp\/v2\/media?parent=16802"}],"wp:term":[{"taxonomy":"category","embeddable":true,"href":"https:\/\/www.tucomarca.com\/wordpress\/segunda\/wp-json\/wp\/v2\/categories?post=16802"},{"taxonomy":"post_tag","embeddable":true,"href":"https:\/\/www.tucomarca.com\/wordpress\/segunda\/wp-json\/wp\/v2\/tags?post=16802"}],"curies":[{"name":"wp","href":"https:\/\/api.w.org\/{rel}","templated":true}]}}