{"id":168306,"date":"2022-09-22T13:00:00","date_gmt":"2022-09-22T11:00:00","guid":{"rendered":"https:\/\/www.tucomarca.com\/wordpress\/segunda\/?p=168306"},"modified":"2022-09-22T14:35:51","modified_gmt":"2022-09-22T12:35:51","slug":"el-gobierno-de-bunol-participa-en-una-reunion-de-coordinacion-para-afrontar-la-obra-de-la-calle-moratin","status":"publish","type":"post","link":"https:\/\/www.tucomarca.com\/wordpress\/segunda\/el-gobierno-de-bunol-participa-en-una-reunion-de-coordinacion-para-afrontar-la-obra-de-la-calle-moratin\/","title":{"rendered":"El Gobierno de Bu\u00f1ol participa en una reuni\u00f3n de coordinaci\u00f3n para afrontar la obra de la calle Morat\u00edn"},"content":{"rendered":"\n<h4 class=\"wp-block-heading\">El gobierno municipal de Bu\u00f1ol, representado por la alcaldesa, ha participado en una nueva reuni\u00f3n de coordinaci\u00f3n entre las empresas externas y los t\u00e9cnicos municipales del \u00e1rea de Contrataci\u00f3n y de la Oficina T\u00e9cnica del Ayuntamiento para planificar todos los aspectos relacionados con la obra de la calle Morat\u00edn.<\/h4>\n\n\n\n<p>El gobierno municipal de Bu\u00f1ol, representado por la alcaldesa, ha participado en una nueva reuni\u00f3n de coordinaci\u00f3n entre las empresas externas y los t\u00e9cnicos municipales del \u00e1rea de Contrataci\u00f3n y de la Oficina T\u00e9cnica del Ayuntamiento en el Consistorio Municipal para planificar todos los aspectos relacionados con la obra de la calle Morat\u00edn.<\/p>\n\n\n\n<p>Tras los trabajos de estabilizaci\u00f3n del terreno, ya ha comenzado la reconstrucci\u00f3n del muro ca\u00eddo en la calle Morat\u00edn, que oblig\u00f3 a desalojar a seis familias el pasado mes de agosto. En las pr\u00f3ximas jornadas, se seguir\u00e1 avanzando en estas actuaciones para reparar este incidente y garantizar la seguridad de la zona a largo plazo.<\/p>\n","protected":false},"excerpt":{"rendered":"<div class=\"mh-excerpt\">El gobierno municipal de Bu\u00f1ol, representado por la alcaldesa, ha participado en una nueva reuni\u00f3n de coordinaci\u00f3n entre las empresas externas y los t\u00e9cnicos municipales del \u00e1rea de Contrataci\u00f3n y de la Oficina T\u00e9cnica del <a class=\"mh-excerpt-more\" href=\"https:\/\/www.tucomarca.com\/wordpress\/segunda\/el-gobierno-de-bunol-participa-en-una-reunion-de-coordinacion-para-afrontar-la-obra-de-la-calle-moratin\/\" title=\"El Gobierno de Bu\u00f1ol participa en una reuni\u00f3n de coordinaci\u00f3n para afrontar la obra de la calle Morat\u00edn\">[+] <\/a><\/div>\n","protected":false},"author":12,"featured_media":168311,"comment_status":"open","ping_status":"open","sticky":false,"template":"","format":"standard","meta":{"footnotes":""},"categories":[18,128,8,10,142,3],"tags":[10385,5952,17866],"class_list":{"0":"post-168306","1":"post","2":"type-post","3":"status-publish","4":"format-standard","5":"has-post-thumbnail","7":"category-bunol","8":"category-infraestructuras","9":"category-la-comarca","10":"category-la-hoya","11":"category-politica-la-comarca","12":"category-seccion","13":"tag-bunol","14":"tag-la-hoya-de-bunol-chiva","15":"tag-obras-calle-moratin"},"_links":{"self":[{"href":"https:\/\/www.tucomarca.com\/wordpress\/segunda\/wp-json\/wp\/v2\/posts\/168306","targetHints":{"allow":["GET"]}}],"collection":[{"href":"https:\/\/www.tucomarca.com\/wordpress\/segunda\/wp-json\/wp\/v2\/posts"}],"about":[{"href":"https:\/\/www.tucomarca.com\/wordpress\/segunda\/wp-json\/wp\/v2\/types\/post"}],"author":[{"embeddable":true,"href":"https:\/\/www.tucomarca.com\/wordpress\/segunda\/wp-json\/wp\/v2\/users\/12"}],"replies":[{"embeddable":true,"href":"https:\/\/www.tucomarca.com\/wordpress\/segunda\/wp-json\/wp\/v2\/comments?post=168306"}],"version-history":[{"count":0,"href":"https:\/\/www.tucomarca.com\/wordpress\/segunda\/wp-json\/wp\/v2\/posts\/168306\/revisions"}],"wp:featuredmedia":[{"embeddable":true,"href":"https:\/\/www.tucomarca.com\/wordpress\/segunda\/wp-json\/wp\/v2\/media\/168311"}],"wp:attachment":[{"href":"https:\/\/www.tucomarca.com\/wordpress\/segunda\/wp-json\/wp\/v2\/media?parent=168306"}],"wp:term":[{"taxonomy":"category","embeddable":true,"href":"https:\/\/www.tucomarca.com\/wordpress\/segunda\/wp-json\/wp\/v2\/categories?post=168306"},{"taxonomy":"post_tag","embeddable":true,"href":"https:\/\/www.tucomarca.com\/wordpress\/segunda\/wp-json\/wp\/v2\/tags?post=168306"}],"curies":[{"name":"wp","href":"https:\/\/api.w.org\/{rel}","templated":true}]}}