{"id":16832,"date":"2013-07-29T19:30:36","date_gmt":"2013-07-29T16:30:36","guid":{"rendered":"http:\/\/www.tucomarca.com\/wordpress\/segunda\/?p=16832"},"modified":"2013-07-29T19:30:36","modified_gmt":"2013-07-29T16:30:36","slug":"retransmision-en-directo-por-tucomarca-television-del-pleno-del-ayuntamiento-de-bunol-de-este-lunes-29-de-julio","status":"publish","type":"post","link":"https:\/\/www.tucomarca.com\/wordpress\/segunda\/retransmision-en-directo-por-tucomarca-television-del-pleno-del-ayuntamiento-de-bunol-de-este-lunes-29-de-julio\/","title":{"rendered":"Retransmisi\u00f3n en directo por tucomarca televisi\u00f3n del pleno del Ayuntamiento de Bu\u00f1ol de este lunes 29 de julio"},"content":{"rendered":"<p>No os perd\u00e1is la retransmisi\u00f3n en directo por\u00a0<strong>tucomarca televisi\u00f3n<\/strong> de la sesi\u00f3n plenaria ordinaria del Ayuntamiento de Bu\u00f1ol de este lunes, 29 de julio de 2013, a partir de las 20,00 horas.<\/p>\n<p>Entra en nuestro canal de directos, haz click<a title=\"Canal de tucomarca televisi\u00f3n\" href=\"http:\/\/www.ustream.tv\/channel\/tucomarca-com\"> aqu\u00ed<\/a>:<\/p>\n<p>&nbsp;<\/p>\n","protected":false},"excerpt":{"rendered":"<div class=\"mh-excerpt\">No os perd\u00e1is la retransmisi\u00f3n en directo por\u00a0tucomarca televisi\u00f3n de la sesi\u00f3n plenaria ordinaria del Ayuntamiento de Bu\u00f1ol de este lunes, 29 de julio de 2013, a partir de las 20,00 horas. Entra en nuestro <a class=\"mh-excerpt-more\" href=\"https:\/\/www.tucomarca.com\/wordpress\/segunda\/retransmision-en-directo-por-tucomarca-television-del-pleno-del-ayuntamiento-de-bunol-de-este-lunes-29-de-julio\/\" title=\"Retransmisi\u00f3n en directo por tucomarca televisi\u00f3n del pleno del Ayuntamiento de Bu\u00f1ol de este lunes 29 de julio\">[+] <\/a><\/div>\n","protected":false},"author":1,"featured_media":0,"comment_status":"open","ping_status":"open","sticky":false,"template":"","format":"standard","meta":{"footnotes":""},"categories":[18,8,10,142,3],"tags":[],"class_list":{"0":"post-16832","1":"post","2":"type-post","3":"status-publish","4":"format-standard","6":"category-bunol","7":"category-la-comarca","8":"category-la-hoya","9":"category-politica-la-comarca","10":"category-seccion"},"_links":{"self":[{"href":"https:\/\/www.tucomarca.com\/wordpress\/segunda\/wp-json\/wp\/v2\/posts\/16832","targetHints":{"allow":["GET"]}}],"collection":[{"href":"https:\/\/www.tucomarca.com\/wordpress\/segunda\/wp-json\/wp\/v2\/posts"}],"about":[{"href":"https:\/\/www.tucomarca.com\/wordpress\/segunda\/wp-json\/wp\/v2\/types\/post"}],"author":[{"embeddable":true,"href":"https:\/\/www.tucomarca.com\/wordpress\/segunda\/wp-json\/wp\/v2\/users\/1"}],"replies":[{"embeddable":true,"href":"https:\/\/www.tucomarca.com\/wordpress\/segunda\/wp-json\/wp\/v2\/comments?post=16832"}],"version-history":[{"count":0,"href":"https:\/\/www.tucomarca.com\/wordpress\/segunda\/wp-json\/wp\/v2\/posts\/16832\/revisions"}],"wp:attachment":[{"href":"https:\/\/www.tucomarca.com\/wordpress\/segunda\/wp-json\/wp\/v2\/media?parent=16832"}],"wp:term":[{"taxonomy":"category","embeddable":true,"href":"https:\/\/www.tucomarca.com\/wordpress\/segunda\/wp-json\/wp\/v2\/categories?post=16832"},{"taxonomy":"post_tag","embeddable":true,"href":"https:\/\/www.tucomarca.com\/wordpress\/segunda\/wp-json\/wp\/v2\/tags?post=16832"}],"curies":[{"name":"wp","href":"https:\/\/api.w.org\/{rel}","templated":true}]}}