{"id":16842,"date":"2013-07-30T11:43:02","date_gmt":"2013-07-30T08:43:02","guid":{"rendered":"http:\/\/www.tucomarca.com\/wordpress\/segunda\/?p=16842"},"modified":"2013-07-30T11:43:02","modified_gmt":"2013-07-30T08:43:02","slug":"video-pleno-del-ayuntamiento-de-bunol-del-lunes-29-de-julio","status":"publish","type":"post","link":"https:\/\/www.tucomarca.com\/wordpress\/segunda\/video-pleno-del-ayuntamiento-de-bunol-del-lunes-29-de-julio\/","title":{"rendered":"V\u00eddeo: pleno del Ayuntamiento de Bu\u00f1ol del lunes 29 de julio"},"content":{"rendered":"<p>Aqu\u00ed os dejamos la sesi\u00f3n plenaria ordinaria del Ayuntamiento de Bu\u00f1ol, retransmitida en directo por tucomarca televisi\u00f3n, este pasado lunes, 29 de julio de 2013.<\/p>\n<p>&nbsp;<\/p>\n","protected":false},"excerpt":{"rendered":"<div class=\"mh-excerpt\">Aqu\u00ed os dejamos la sesi\u00f3n plenaria ordinaria del Ayuntamiento de Bu\u00f1ol, retransmitida en directo por tucomarca televisi\u00f3n, este pasado lunes, 29 de julio de 2013. &nbsp;<\/div>\n","protected":false},"author":1,"featured_media":0,"comment_status":"open","ping_status":"open","sticky":false,"template":"","format":"standard","meta":{"footnotes":""},"categories":[18,8,10,142,3,26],"tags":[],"class_list":{"0":"post-16842","1":"post","2":"type-post","3":"status-publish","4":"format-standard","6":"category-bunol","7":"category-la-comarca","8":"category-la-hoya","9":"category-politica-la-comarca","10":"category-seccion","11":"category-video"},"_links":{"self":[{"href":"https:\/\/www.tucomarca.com\/wordpress\/segunda\/wp-json\/wp\/v2\/posts\/16842","targetHints":{"allow":["GET"]}}],"collection":[{"href":"https:\/\/www.tucomarca.com\/wordpress\/segunda\/wp-json\/wp\/v2\/posts"}],"about":[{"href":"https:\/\/www.tucomarca.com\/wordpress\/segunda\/wp-json\/wp\/v2\/types\/post"}],"author":[{"embeddable":true,"href":"https:\/\/www.tucomarca.com\/wordpress\/segunda\/wp-json\/wp\/v2\/users\/1"}],"replies":[{"embeddable":true,"href":"https:\/\/www.tucomarca.com\/wordpress\/segunda\/wp-json\/wp\/v2\/comments?post=16842"}],"version-history":[{"count":0,"href":"https:\/\/www.tucomarca.com\/wordpress\/segunda\/wp-json\/wp\/v2\/posts\/16842\/revisions"}],"wp:attachment":[{"href":"https:\/\/www.tucomarca.com\/wordpress\/segunda\/wp-json\/wp\/v2\/media?parent=16842"}],"wp:term":[{"taxonomy":"category","embeddable":true,"href":"https:\/\/www.tucomarca.com\/wordpress\/segunda\/wp-json\/wp\/v2\/categories?post=16842"},{"taxonomy":"post_tag","embeddable":true,"href":"https:\/\/www.tucomarca.com\/wordpress\/segunda\/wp-json\/wp\/v2\/tags?post=16842"}],"curies":[{"name":"wp","href":"https:\/\/api.w.org\/{rel}","templated":true}]}}