{"id":168423,"date":"2022-09-26T08:00:00","date_gmt":"2022-09-26T06:00:00","guid":{"rendered":"https:\/\/www.tucomarca.com\/wordpress\/segunda\/?p=168423"},"modified":"2022-09-26T13:16:02","modified_gmt":"2022-09-26T11:16:02","slug":"ava-asaja-exige-retirar-el-atraco-del-tope-del-gas-aprobar-la-doble-tarifa-electrica-y-bajar-impuestos-porque-los-costes-son-prohibitivos-y-mas-con-los-bajos-precios","status":"publish","type":"post","link":"https:\/\/www.tucomarca.com\/wordpress\/segunda\/ava-asaja-exige-retirar-el-atraco-del-tope-del-gas-aprobar-la-doble-tarifa-electrica-y-bajar-impuestos-porque-los-costes-son-prohibitivos-y-mas-con-los-bajos-precios\/","title":{"rendered":"AVA-Asaja exige retirar el \u201catraco\u201d del tope del gas, aprobar la doble tarifa el\u00e9ctrica y bajar impuestos porque \u201clos costes son prohibitivos y m\u00e1s con los bajos precios\u201d"},"content":{"rendered":"\n<h4 class=\"wp-block-heading\">Una comunidad de regantes paga 55.900 euros en un mes y 22.000 son por el tope del gas<\/h4>\n\n\n\n<p>La subida de la luz, agravada por el tope del gas, no solo afecta a los hogares y las empresas, sino tambi\u00e9n a las entidades de riego que necesitan la energ\u00eda el\u00e9ctrica para bombear las aguas subterr\u00e1neas o superficiales hasta las explotaciones agrarias. Un ejemplo especialmente llamativo que denuncia la Asociaci\u00f3n Valenciana de Agricultores (AVA-Asaja) es la comunidad de regantes Serra y Pla \u2013que cubre una extensi\u00f3n de 300 hect\u00e1reas de c\u00edtricos, caquis, frutales e invernaderos en Alfarp\u2013 cuya \u00faltima factura correspondiente al mes de julio asciende a 55.902 euros, de los cuales 22.074 euros m\u00e1s IVA responden al tope al gas impuesto por el Gobierno.<\/p>\n\n\n\n<p>Esta tarifa el\u00e9ctrica que ha abonado la comunidad de riego multiplica por 4,6 el importe de hace un a\u00f1o, cuando el coste fue de 12.105 euros. En otras palabras, implica un aumento interanual del 460%. Y eso a pesar de que el consumo de energ\u00eda ha sido menor en julio de 2022 (142.275 kWh) que en el mismo periodo del a\u00f1o pasado (169.431 kWh). El tope al gas no ha hecho sino ampliar la diferencia ya que, si no se hubiera aplicado este coste adicional, el incremento \u2018\u00fanicamente\u2019 ser\u00eda 2,8 veces mayor respecto a julio de 2021.<\/p>\n\n\n\n<p>AVA-Asaja alerta de que \u201clos costes en el sector agrario se han vuelto prohibitivos, entre la subida de la energ\u00eda el\u00e9ctrica y el atraco a\u00f1adido del tope al gas, entre el encarecimiento sin precedentes del gas\u00f3leo agr\u00edcola, de los fertilizantes y de los fitosanitarios, por no hablar de cualquier compra de maquinaria o la puesta en marcha de obras de reparaci\u00f3n o modernizaci\u00f3n de las explotaciones. Todo est\u00e1 por las nubes, m\u00e1s caro que nunca. Pero, a diferencia del resto de eslabones de la cadena alimentaria, los agricultores y ganaderos no podemos repercutir estos costes en los precios que percibimos\u201d.<\/p>\n\n\n\n<p>Tanto es as\u00ed que, seg\u00fan la asociaci\u00f3n, \u201cmuchos regantes ya est\u00e1n avisando de que, si en la pr\u00f3xima cosecha los precios no compensan los costes, se dar\u00e1n de baja de las entidades de riego, con lo que los gastos de la comunidad se tendr\u00e1n que repartir entre menos miembros y ser\u00e1n, por tanto, m\u00e1s inasumibles si cabe. Por lo que si se cierra el grifo, todos los campos dejar\u00e1n de cultivarse. Estamos hablando de un problema muy serio ante el cual las administraciones no solo hacen o\u00eddos sordos, sino que adem\u00e1s ponen cada vez m\u00e1s dificultades\u201d.&nbsp;<\/p>\n\n\n\n<p><strong>&nbsp;Soluciones<\/strong><\/p>\n\n\n\n<p>Con el objeto de reducir al m\u00e1ximo la factura energ\u00e9tica, AVA-Asaja exige al Gobierno medidas urgentes tales como retirar el tope al gas al sector agrario, poner en marcha la posibilidad de establecer la doble tarifa el\u00e9ctrica en un periodo de 12 meses \u2013establecida en la \u00faltima reforma de la Ley de la Cadena Alimentaria\u2013, reimplantar la tarifa especial de riego \u2013suprimida en 2008\u2013, bajar impuestos como el IVA a la electricidad, as\u00ed como soluciones reguladas en los precios a la hora de efectuar renovaciones de contratos con las comercializadoras. Informa,<strong> Luis Ib\u00e1\u00f1ez.<\/strong><\/p>\n","protected":false},"excerpt":{"rendered":"<div class=\"mh-excerpt\">Una comunidad de regantes paga 55.900 euros en un mes y 22.000 son por el tope del gas La subida de la luz, agravada por el tope del gas, no solo afecta a los hogares <a class=\"mh-excerpt-more\" href=\"https:\/\/www.tucomarca.com\/wordpress\/segunda\/ava-asaja-exige-retirar-el-atraco-del-tope-del-gas-aprobar-la-doble-tarifa-electrica-y-bajar-impuestos-porque-los-costes-son-prohibitivos-y-mas-con-los-bajos-precios\/\" title=\"AVA-Asaja exige retirar el \u201catraco\u201d del tope del gas, aprobar la doble tarifa el\u00e9ctrica y bajar impuestos porque \u201clos costes son prohibitivos y m\u00e1s con los bajos precios\u201d\">[+] <\/a><\/div>\n","protected":false},"author":12,"featured_media":168428,"comment_status":"open","ping_status":"open","sticky":false,"template":"","format":"standard","meta":{"footnotes":""},"categories":[49,169,46,128,8,72,59,142,27,3,45],"tags":[328,12855,15225,17880],"class_list":{"0":"post-168423","1":"post","2":"type-post","3":"status-publish","4":"format-standard","5":"has-post-thumbnail","7":"category-ademuz","8":"category-agricultura-la-comarca","9":"category-camp-de-turia","10":"category-infraestructuras","11":"category-la-comarca","12":"category-sin-categorizar","13":"category-los-serranos","14":"category-politica-la-comarca","15":"category-requena-utiel","16":"category-seccion","17":"category-ventana","18":"tag-ava-asaja","19":"tag-conselleria-de-agricultura","20":"tag-ministerio-de-agricultura","21":"tag-tope-del-gas"},"_links":{"self":[{"href":"https:\/\/www.tucomarca.com\/wordpress\/segunda\/wp-json\/wp\/v2\/posts\/168423","targetHints":{"allow":["GET"]}}],"collection":[{"href":"https:\/\/www.tucomarca.com\/wordpress\/segunda\/wp-json\/wp\/v2\/posts"}],"about":[{"href":"https:\/\/www.tucomarca.com\/wordpress\/segunda\/wp-json\/wp\/v2\/types\/post"}],"author":[{"embeddable":true,"href":"https:\/\/www.tucomarca.com\/wordpress\/segunda\/wp-json\/wp\/v2\/users\/12"}],"replies":[{"embeddable":true,"href":"https:\/\/www.tucomarca.com\/wordpress\/segunda\/wp-json\/wp\/v2\/comments?post=168423"}],"version-history":[{"count":0,"href":"https:\/\/www.tucomarca.com\/wordpress\/segunda\/wp-json\/wp\/v2\/posts\/168423\/revisions"}],"wp:featuredmedia":[{"embeddable":true,"href":"https:\/\/www.tucomarca.com\/wordpress\/segunda\/wp-json\/wp\/v2\/media\/168428"}],"wp:attachment":[{"href":"https:\/\/www.tucomarca.com\/wordpress\/segunda\/wp-json\/wp\/v2\/media?parent=168423"}],"wp:term":[{"taxonomy":"category","embeddable":true,"href":"https:\/\/www.tucomarca.com\/wordpress\/segunda\/wp-json\/wp\/v2\/categories?post=168423"},{"taxonomy":"post_tag","embeddable":true,"href":"https:\/\/www.tucomarca.com\/wordpress\/segunda\/wp-json\/wp\/v2\/tags?post=168423"}],"curies":[{"name":"wp","href":"https:\/\/api.w.org\/{rel}","templated":true}]}}