{"id":16859,"date":"2013-07-30T15:30:28","date_gmt":"2013-07-30T12:30:28","guid":{"rendered":"http:\/\/www.tucomarca.com\/wordpress\/segunda\/?p=16859"},"modified":"2013-07-30T15:30:28","modified_gmt":"2013-07-30T12:30:28","slug":"cemex-lanza-una-solucion-constructiva-para-aislar-las-viviendas-desde-el-exterior","status":"publish","type":"post","link":"https:\/\/www.tucomarca.com\/wordpress\/segunda\/cemex-lanza-una-solucion-constructiva-para-aislar-las-viviendas-desde-el-exterior\/","title":{"rendered":"Cemex lanza una soluci\u00f3n constructiva para aislar las viviendas desde el exterior"},"content":{"rendered":"<p>CEMEX ha lanzado su nueva l\u00ednea de soluciones constructivas para aislar las viviendas, una gama dise\u00f1ada espec\u00edficamente para su aplicaci\u00f3n en las fachadas de los edificios y las viviendas unifamiliares. Las caracter\u00edsticas del producto, que se fabrica en Alicante para toda Espa\u00f1a, garantizan unas condiciones de confort t\u00e9rmico y ac\u00fastico sin hacer obras en el interior de la casas. <\/p>\n<p>En este sentido, el director comercial de CEMEX en la Comunidad Valenciana, Antonio Jim\u00e9nez, ha se\u00f1alado que la estrategia de la compa\u00f1\u00eda se centra en \u201cla investigaci\u00f3n y el desarrollo de productos espec\u00edficos para necesidades concretas. En la actualidad para mejorar la eficiencia energ\u00e9tica de las casas, es mucho m\u00e1s sencillo realizar una rehabilitaci\u00f3n en la fachada minimizando as\u00ed las molestias al inquilino y garantizando los resultados\u201d.<\/p>\n<p>Esta soluci\u00f3n constructiva est\u00e1 compuesta por revestimientos y morteros adem\u00e1s de otros materiales como paneles de poliestireno, anclajes especiales o perfiler\u00edas. En este sentido, adem\u00e1s de la composici\u00f3n qu\u00edmica del mortero y la elecci\u00f3n adecuada de materiales que formar\u00e1n el sistema aislante, la t\u00e9cnica requiere de una correcta aplicaci\u00f3n y de la compatibilidad de todos los materiales. Seg\u00fan Jim\u00e9nez, \u201ces necesario seguir unos pasos que garanticen su correcto funcionamiento y su eficiencia para conseguir un ahorro de hasta un 35% de la factura el\u00e9ctrica, aislando nuestras casas del fr\u00edo, del calor y del ruido\u201d.<\/p>\n<p>CEMEX apuesta as\u00ed por el desarrollo de productos adaptados a cada necesidad y ambiente como soluci\u00f3n constructiva adecuada a las necesidades actuales. Seg\u00fan se\u00f1ala Jim\u00e9nez, \u201cutilizar el producto adecuado es m\u00e1s sostenible, m\u00e1s econ\u00f3mico y eficiente, ya que asegura el correcto funcionamiento y durabilidad de las construcciones\u201d. <\/p>\n","protected":false},"excerpt":{"rendered":"<div class=\"mh-excerpt\">CEMEX ha lanzado su nueva l\u00ednea de soluciones constructivas para aislar las viviendas, una gama dise\u00f1ada espec\u00edficamente para su aplicaci\u00f3n en las fachadas de los edificios y las viviendas unifamiliares. Las caracter\u00edsticas del producto, que <a class=\"mh-excerpt-more\" href=\"https:\/\/www.tucomarca.com\/wordpress\/segunda\/cemex-lanza-una-solucion-constructiva-para-aislar-las-viviendas-desde-el-exterior\/\" title=\"Cemex lanza una soluci\u00f3n constructiva para aislar las viviendas desde el exterior\">[+] <\/a><\/div>\n","protected":false},"author":2,"featured_media":0,"comment_status":"open","ping_status":"open","sticky":false,"template":"","format":"standard","meta":{"footnotes":""},"categories":[8,72,10,3],"tags":[1518,255,1519,1517],"class_list":{"0":"post-16859","1":"post","2":"type-post","3":"status-publish","4":"format-standard","6":"category-la-comarca","7":"category-sin-categorizar","8":"category-la-hoya","9":"category-seccion","10":"tag-aislante","11":"tag-cemex","12":"tag-exteriores","13":"tag-nuevo-producto"},"_links":{"self":[{"href":"https:\/\/www.tucomarca.com\/wordpress\/segunda\/wp-json\/wp\/v2\/posts\/16859","targetHints":{"allow":["GET"]}}],"collection":[{"href":"https:\/\/www.tucomarca.com\/wordpress\/segunda\/wp-json\/wp\/v2\/posts"}],"about":[{"href":"https:\/\/www.tucomarca.com\/wordpress\/segunda\/wp-json\/wp\/v2\/types\/post"}],"author":[{"embeddable":true,"href":"https:\/\/www.tucomarca.com\/wordpress\/segunda\/wp-json\/wp\/v2\/users\/2"}],"replies":[{"embeddable":true,"href":"https:\/\/www.tucomarca.com\/wordpress\/segunda\/wp-json\/wp\/v2\/comments?post=16859"}],"version-history":[{"count":0,"href":"https:\/\/www.tucomarca.com\/wordpress\/segunda\/wp-json\/wp\/v2\/posts\/16859\/revisions"}],"wp:attachment":[{"href":"https:\/\/www.tucomarca.com\/wordpress\/segunda\/wp-json\/wp\/v2\/media?parent=16859"}],"wp:term":[{"taxonomy":"category","embeddable":true,"href":"https:\/\/www.tucomarca.com\/wordpress\/segunda\/wp-json\/wp\/v2\/categories?post=16859"},{"taxonomy":"post_tag","embeddable":true,"href":"https:\/\/www.tucomarca.com\/wordpress\/segunda\/wp-json\/wp\/v2\/tags?post=16859"}],"curies":[{"name":"wp","href":"https:\/\/api.w.org\/{rel}","templated":true}]}}