{"id":168651,"date":"2022-09-28T09:00:00","date_gmt":"2022-09-28T07:00:00","guid":{"rendered":"https:\/\/www.tucomarca.com\/wordpress\/segunda\/?p=168651"},"modified":"2022-09-28T14:18:00","modified_gmt":"2022-09-28T12:18:00","slug":"el-pp-pide-la-reapertura-de-la-casa-del-peregrino-en-requena","status":"publish","type":"post","link":"https:\/\/www.tucomarca.com\/wordpress\/segunda\/el-pp-pide-la-reapertura-de-la-casa-del-peregrino-en-requena\/","title":{"rendered":"El PP pide la reapertura de la Casa del Peregrino en Requena"},"content":{"rendered":"\n<p>La Casa del Peregrino \u00abest\u00e1 siendo utilizada para otros fines por el ayuntamiento, sin que este servicio haya tenido alternativas\u00bb dicen los populares de Requena. &#8216;Esto -a\u00f1aden- est\u00e1 provocando que los peregrinos que recorren el Camino de Requena, uno de los m\u00e1s hist\u00f3ricos, no pueden parar en nuestro municipio en su mejor temporada\u00bb, seg\u00fan los populares.<\/p>\n\n\n\n<p>El Partido Popular pide \u00abla reapertura de la Casa del Peregrino en Requena, puesto que la que se encontraba cumpliendo esta funci\u00f3n est\u00e1 desempe\u00f1ando otras&nbsp; para cubrir carencias que tiene la gesti\u00f3n de nuestro municipio\u00bb.<\/p>\n\n\n\n<p>El trayecto de Requena, conocido como la Ruta de la Lana, es uno de los m\u00e1s hist\u00f3ricas que se contemplan para la realizaci\u00f3n del Camino de Santiago, con su salida desde Valencia y la implicaci\u00f3n de quienes lo siguen ha conseguido que se considere su renombre e historia.&nbsp; Viene reflejado en lugares como el acceso oeste, con la cruz de la Fuencaliente, que muestra en su capitel una vieira y en el templo de Santa Mar\u00eda , siendo de los pocos en los que aparece en su portada Santiago Ap\u00f3stol, de peregrino. Adem\u00e1s, aparece Requena en la credencial del peregrino que se posee a nivel nacional e internacional.<\/p>\n\n\n\n<p>Desde el Partido Popular piden que\u00bbse reabra la Casa del Peregrino, adem\u00e1s de se\u00f1alizar y promocionar este camino como&nbsp; merece\u00bb. Y manifiestan que \u00abla inactividad durante este tiempo de la Casa del Peregrino en Requena est\u00e1 provocando por la falta de previsi\u00f3n del equipo de gobierno de Mario S\u00e1nchez, que nuestro municipio deje de estar disponible como un lugar al que acudir por la multitud de peregrinos que recorren el camino y que tienen en cuenta la poblaci\u00f3n, donde los recibimos&nbsp; desde 1415. Sin embargo, tienen que irse a los municipios m\u00e1s pr\u00f3ximos de nuestra comarca\u201d. Informa,<strong> Luis Ib\u00e1\u00f1ez.<\/strong><\/p>\n","protected":false},"excerpt":{"rendered":"<div class=\"mh-excerpt\">La Casa del Peregrino \u00abest\u00e1 siendo utilizada para otros fines por el ayuntamiento, sin que este servicio haya tenido alternativas\u00bb dicen los populares de Requena. &#8216;Esto -a\u00f1aden- est\u00e1 provocando que los peregrinos que recorren el <a class=\"mh-excerpt-more\" href=\"https:\/\/www.tucomarca.com\/wordpress\/segunda\/el-pp-pide-la-reapertura-de-la-casa-del-peregrino-en-requena\/\" title=\"El PP pide la reapertura de la Casa del Peregrino en Requena\">[+] <\/a><\/div>\n","protected":false},"author":12,"featured_media":168652,"comment_status":"open","ping_status":"open","sticky":false,"template":"","format":"standard","meta":{"footnotes":""},"categories":[128,8,142,28,27,3],"tags":[17904,17903,16654,10388,10387],"class_list":{"0":"post-168651","1":"post","2":"type-post","3":"status-publish","4":"format-standard","5":"has-post-thumbnail","7":"category-infraestructuras","8":"category-la-comarca","9":"category-politica-la-comarca","10":"category-requena","11":"category-requena-utiel","12":"category-seccion","13":"tag-camino-de-requena","14":"tag-casa-del-peregrino","15":"tag-pp-de-requena","16":"tag-requena","17":"tag-requena-utiel"},"_links":{"self":[{"href":"https:\/\/www.tucomarca.com\/wordpress\/segunda\/wp-json\/wp\/v2\/posts\/168651","targetHints":{"allow":["GET"]}}],"collection":[{"href":"https:\/\/www.tucomarca.com\/wordpress\/segunda\/wp-json\/wp\/v2\/posts"}],"about":[{"href":"https:\/\/www.tucomarca.com\/wordpress\/segunda\/wp-json\/wp\/v2\/types\/post"}],"author":[{"embeddable":true,"href":"https:\/\/www.tucomarca.com\/wordpress\/segunda\/wp-json\/wp\/v2\/users\/12"}],"replies":[{"embeddable":true,"href":"https:\/\/www.tucomarca.com\/wordpress\/segunda\/wp-json\/wp\/v2\/comments?post=168651"}],"version-history":[{"count":0,"href":"https:\/\/www.tucomarca.com\/wordpress\/segunda\/wp-json\/wp\/v2\/posts\/168651\/revisions"}],"wp:featuredmedia":[{"embeddable":true,"href":"https:\/\/www.tucomarca.com\/wordpress\/segunda\/wp-json\/wp\/v2\/media\/168652"}],"wp:attachment":[{"href":"https:\/\/www.tucomarca.com\/wordpress\/segunda\/wp-json\/wp\/v2\/media?parent=168651"}],"wp:term":[{"taxonomy":"category","embeddable":true,"href":"https:\/\/www.tucomarca.com\/wordpress\/segunda\/wp-json\/wp\/v2\/categories?post=168651"},{"taxonomy":"post_tag","embeddable":true,"href":"https:\/\/www.tucomarca.com\/wordpress\/segunda\/wp-json\/wp\/v2\/tags?post=168651"}],"curies":[{"name":"wp","href":"https:\/\/api.w.org\/{rel}","templated":true}]}}