{"id":16866,"date":"2013-07-31T12:38:54","date_gmt":"2013-07-31T09:38:54","guid":{"rendered":"http:\/\/www.tucomarca.com\/wordpress\/segunda\/?p=16866"},"modified":"2013-07-31T12:38:54","modified_gmt":"2013-07-31T09:38:54","slug":"la-diputacion-patrocinara-la-feria-gastronomica-de-la-asociacion-de-los-hateros-de-bunol","status":"publish","type":"post","link":"https:\/\/www.tucomarca.com\/wordpress\/segunda\/la-diputacion-patrocinara-la-feria-gastronomica-de-la-asociacion-de-los-hateros-de-bunol\/","title":{"rendered":"La Diputaci\u00f3n patrocinar\u00e1 la feria gastron\u00f3mica de la asociaci\u00f3n de los hateros de Bu\u00f1ol"},"content":{"rendered":"<figure id=\"attachment_16867\" aria-describedby=\"caption-attachment-16867\" style=\"width: 300px\" class=\"wp-caption alignleft\"><a href=\"https:\/\/www.tucomarca.com\/wordpress\/segunda\/wp-content\/uploads\/2013\/07\/DSC03254.jpg\"><img loading=\"lazy\" decoding=\"async\" class=\"size-medium wp-image-16867\" title=\"DSC03254\" src=\"https:\/\/www.tucomarca.com\/wordpress\/segunda\/wp-content\/uploads\/2013\/07\/DSC03254-300x168.jpg\" alt=\"Juan Jos\u00e9 Medina y Marcial D\u00edaz con los representantes de la asociaci\u00f3n. \" width=\"300\" height=\"168\" srcset=\"https:\/\/www.tucomarca.com\/wordpress\/segunda\/wp-content\/uploads\/2013\/07\/DSC03254-300x168.jpg 300w, https:\/\/www.tucomarca.com\/wordpress\/segunda\/wp-content\/uploads\/2013\/07\/DSC03254-1024x575.jpg 1024w\" sizes=\"auto, (max-width: 300px) 100vw, 300px\" \/><\/a><figcaption id=\"caption-attachment-16867\" class=\"wp-caption-text\">Juan Jos\u00e9 Medina y Marcial D\u00edaz con los representantes de la asociaci\u00f3n. <\/figcaption><\/figure>\n<p>El vicepresidente y diputado de Cooperaci\u00f3n Municipal, Juan Jos\u00e9 Medina, se ha reunido este martes por la ma\u00f1ana con el presidente de la Asociaci\u00f3n de Hateros de Bu\u00f1ol, Juli\u00e1n Garc\u00eda, el vicepresidente de la entidad, Fernando Ferrer, y el portavoz del Partido Popular del Bu\u00f1ol, Marcial D\u00edaz, a quienes ha anunciado que la Diputaci\u00f3n patrocinar\u00e1 la feria gastron\u00f3mica con una dotaci\u00f3n de 2.000 euros.<\/p>\n<p>Bu\u00f1ol acoger\u00e1 la s\u00e9ptima edici\u00f3n de la Feria Gastron\u00f3mica y Cultural de los Hateros a la que acudir\u00e1 \u201cgente del municipio y de pueblos de fuera aficionada a la caza\u201d como ha comentado el presidente de\u00a0 la asociaci\u00f3n, Juli\u00e1n Garc\u00eda. Un encuentro anual que ser\u00e1 posible \u201cgracias a la buena acogida de Diputaci\u00f3n\u201d, ha declarado el presidente de los hateros \u201cporque necesitamos del apoyo institucional para llevarla adelante\u201d.<\/p>\n<p>\u201cEmpez\u00f3 como una cena de amigos y se ha convertido en un encuentro de cerca un millar de personas\u201d, ha contado el presidente de la asociaci\u00f3n, quien ha a\u00f1adido que la mayor\u00eda de los platos son cocinados con carne de piezas de caza, que identifican la gastronom\u00eda de la localidad y de este evento que se consolida a\u00f1o a a\u00f1o.<\/p>\n","protected":false},"excerpt":{"rendered":"<div class=\"mh-excerpt\">El vicepresidente y diputado de Cooperaci\u00f3n Municipal, Juan Jos\u00e9 Medina, se ha reunido este martes por la ma\u00f1ana con el presidente de la Asociaci\u00f3n de Hateros de Bu\u00f1ol, Juli\u00e1n Garc\u00eda, el vicepresidente de la entidad, <a class=\"mh-excerpt-more\" href=\"https:\/\/www.tucomarca.com\/wordpress\/segunda\/la-diputacion-patrocinara-la-feria-gastronomica-de-la-asociacion-de-los-hateros-de-bunol\/\" title=\"La Diputaci\u00f3n patrocinar\u00e1 la feria gastron\u00f3mica de la asociaci\u00f3n de los hateros de Bu\u00f1ol\">[+] <\/a><\/div>\n","protected":false},"author":1,"featured_media":16867,"comment_status":"open","ping_status":"open","sticky":false,"template":"","format":"standard","meta":{"footnotes":""},"categories":[18,10,5,383,3,45],"tags":[],"class_list":{"0":"post-16866","1":"post","2":"type-post","3":"status-publish","4":"format-standard","5":"has-post-thumbnail","7":"category-bunol","8":"category-la-hoya","9":"category-la-semana-en-imagenes","10":"category-pueblos-en-fiestas","11":"category-seccion","12":"category-ventana"},"_links":{"self":[{"href":"https:\/\/www.tucomarca.com\/wordpress\/segunda\/wp-json\/wp\/v2\/posts\/16866","targetHints":{"allow":["GET"]}}],"collection":[{"href":"https:\/\/www.tucomarca.com\/wordpress\/segunda\/wp-json\/wp\/v2\/posts"}],"about":[{"href":"https:\/\/www.tucomarca.com\/wordpress\/segunda\/wp-json\/wp\/v2\/types\/post"}],"author":[{"embeddable":true,"href":"https:\/\/www.tucomarca.com\/wordpress\/segunda\/wp-json\/wp\/v2\/users\/1"}],"replies":[{"embeddable":true,"href":"https:\/\/www.tucomarca.com\/wordpress\/segunda\/wp-json\/wp\/v2\/comments?post=16866"}],"version-history":[{"count":0,"href":"https:\/\/www.tucomarca.com\/wordpress\/segunda\/wp-json\/wp\/v2\/posts\/16866\/revisions"}],"wp:featuredmedia":[{"embeddable":true,"href":"https:\/\/www.tucomarca.com\/wordpress\/segunda\/wp-json\/wp\/v2\/media\/16867"}],"wp:attachment":[{"href":"https:\/\/www.tucomarca.com\/wordpress\/segunda\/wp-json\/wp\/v2\/media?parent=16866"}],"wp:term":[{"taxonomy":"category","embeddable":true,"href":"https:\/\/www.tucomarca.com\/wordpress\/segunda\/wp-json\/wp\/v2\/categories?post=16866"},{"taxonomy":"post_tag","embeddable":true,"href":"https:\/\/www.tucomarca.com\/wordpress\/segunda\/wp-json\/wp\/v2\/tags?post=16866"}],"curies":[{"name":"wp","href":"https:\/\/api.w.org\/{rel}","templated":true}]}}