{"id":168688,"date":"2022-09-27T23:00:00","date_gmt":"2022-09-27T21:00:00","guid":{"rendered":"https:\/\/www.tucomarca.com\/wordpress\/segunda\/?p=168688"},"modified":"2022-09-28T18:45:12","modified_gmt":"2022-09-28T16:45:12","slug":"video-asi-ha-sido-el-incendio-que-ha-consumido-un-restaurante-de-comida-rapida-en-el-centro-comercial-bonaire","status":"publish","type":"post","link":"https:\/\/www.tucomarca.com\/wordpress\/segunda\/video-asi-ha-sido-el-incendio-que-ha-consumido-un-restaurante-de-comida-rapida-en-el-centro-comercial-bonaire\/","title":{"rendered":"V\u00eddeo: as\u00ed ha sido el incendio que ha consumido un restaurante de comida r\u00e1pida en el centro comercial Bonaire"},"content":{"rendered":"\n<figure class=\"wp-block-embed is-type-video is-provider-youtube wp-block-embed-youtube wp-embed-aspect-16-9 wp-has-aspect-ratio\"><div class=\"wp-block-embed__wrapper\">\n<iframe loading=\"lazy\" title=\"V\u00eddeo: as\u00ed ha sido el incendio que ha consumido un restaurante de comida r\u00e1pida en Bonaire\" width=\"500\" height=\"281\" src=\"https:\/\/www.youtube.com\/embed\/z4wUQpHcaJs?feature=oembed\" frameborder=\"0\" allow=\"accelerometer; autoplay; clipboard-write; encrypted-media; gyroscope; picture-in-picture; web-share\" referrerpolicy=\"strict-origin-when-cross-origin\" allowfullscreen><\/iframe>\n<\/div><\/figure>\n\n\n\n<p>As\u00ed ha sido el incendio que ha consumido un restaurante de comida r\u00e1pida en Bonaire y que ha obligado a los bomberos a desalojar el centro comercial.<\/p>\n","protected":false},"excerpt":{"rendered":"<div class=\"mh-excerpt\">As\u00ed ha sido el incendio que ha consumido un restaurante de comida r\u00e1pida en Bonaire y que ha obligado a los bomberos a desalojar el centro comercial.<\/div>\n","protected":false},"author":1,"featured_media":168689,"comment_status":"open","ping_status":"open","sticky":false,"template":"","format":"video","meta":{"footnotes":""},"categories":[46,128,8,72,3,116,45,26],"tags":[6197,5952,33],"class_list":{"0":"post-168688","1":"post","2":"type-post","3":"status-publish","4":"format-video","5":"has-post-thumbnail","7":"category-camp-de-turia","8":"category-infraestructuras","9":"category-la-comarca","10":"category-sin-categorizar","11":"category-seccion","12":"category-sucesos-la-comarca","13":"category-ventana","14":"category-video","15":"tag-aldaia","16":"tag-la-hoya-de-bunol-chiva","17":"tag-sucesos","18":"post_format-post-format-video"},"_links":{"self":[{"href":"https:\/\/www.tucomarca.com\/wordpress\/segunda\/wp-json\/wp\/v2\/posts\/168688","targetHints":{"allow":["GET"]}}],"collection":[{"href":"https:\/\/www.tucomarca.com\/wordpress\/segunda\/wp-json\/wp\/v2\/posts"}],"about":[{"href":"https:\/\/www.tucomarca.com\/wordpress\/segunda\/wp-json\/wp\/v2\/types\/post"}],"author":[{"embeddable":true,"href":"https:\/\/www.tucomarca.com\/wordpress\/segunda\/wp-json\/wp\/v2\/users\/1"}],"replies":[{"embeddable":true,"href":"https:\/\/www.tucomarca.com\/wordpress\/segunda\/wp-json\/wp\/v2\/comments?post=168688"}],"version-history":[{"count":0,"href":"https:\/\/www.tucomarca.com\/wordpress\/segunda\/wp-json\/wp\/v2\/posts\/168688\/revisions"}],"wp:featuredmedia":[{"embeddable":true,"href":"https:\/\/www.tucomarca.com\/wordpress\/segunda\/wp-json\/wp\/v2\/media\/168689"}],"wp:attachment":[{"href":"https:\/\/www.tucomarca.com\/wordpress\/segunda\/wp-json\/wp\/v2\/media?parent=168688"}],"wp:term":[{"taxonomy":"category","embeddable":true,"href":"https:\/\/www.tucomarca.com\/wordpress\/segunda\/wp-json\/wp\/v2\/categories?post=168688"},{"taxonomy":"post_tag","embeddable":true,"href":"https:\/\/www.tucomarca.com\/wordpress\/segunda\/wp-json\/wp\/v2\/tags?post=168688"}],"curies":[{"name":"wp","href":"https:\/\/api.w.org\/{rel}","templated":true}]}}