{"id":168712,"date":"2022-09-28T17:15:00","date_gmt":"2022-09-28T15:15:00","guid":{"rendered":"https:\/\/www.tucomarca.com\/wordpress\/segunda\/?p=168712"},"modified":"2022-09-28T21:00:40","modified_gmt":"2022-09-28T19:00:40","slug":"la-diputacio-asegura-el-talud-de-la-calle-aragon-en-casas-bajas","status":"publish","type":"post","link":"https:\/\/www.tucomarca.com\/wordpress\/segunda\/la-diputacio-asegura-el-talud-de-la-calle-aragon-en-casas-bajas\/","title":{"rendered":"La Diputaci\u00f3 asegura el talud de la calle Arag\u00f3n en Casas Bajas"},"content":{"rendered":"\n<h4 class=\"wp-block-heading\">La obra se ha ejecutado con car\u00e1cter urgente por el \u00e1rea de Medio Ambiente para minimizar el riesgo de desprendimientos, seg\u00fan explica la vicepresidenta y responsable del \u00e1rea, Maria Josep Amig\u00f3<\/h4>\n\n\n\n<p>El \u00e1rea de Medio Ambiente de la Diputaci\u00f3 de Val\u00e8ncia ha finalizado las obras de emergencia para el sostenimiento del talud de la calle Arag\u00f3n en el municipio de Casas Bajas, que fueron adjudicadas por un importe de 34.969 euros, el 97,5% de las cuales han sido sufragadas por la Diputaci\u00f3n.<\/p>\n\n\n\n<p>Los trabajos se han realizado tras los desprendimientos debidos a la escorrent\u00eda producida por las lluvias en este municipio de la comarca del Rinc\u00f3n de Ademuz, \u201cque dejaron el talud en un estado precario, con el consiguiente peligro para los habitantes de las casas cercanas y para los veh\u00edculos que circulan por la calle situada junto a la zona. De ah\u00ed la importancia de que las administraciones supramunicipales ofrezcan apoyo econ\u00f3mico y t\u00e9cnico a las entidades locales en este tipo de actuaciones\u201d, ha explicado la vicepresidenta de la Diputaci\u00f3 y responsable del \u00e1rea de Medio Ambiente, Maria Josep Amig\u00f3.<\/p>\n\n\n\n<p>Para asegurar el talud y garantizar la seguridad, en primer lugar se procedi\u00f3 a su limpieza y saneamiento empleando t\u00e9cnicas de alpinismo. Estas labores incluyeron la demolici\u00f3n de rocas mediante martillo neum\u00e1tico. Posteriormente, se instal\u00f3 una malla galvanizada de triple torsi\u00f3n de m\u00e1s de 400 metros cuadrados, anclada al talud mediante bulones. Asimismo, las obras han incluido la construcci\u00f3n de una cuneta en la parte superior del talud para reconducir las aguas mediante un canal bajante a un colector de desag\u00fce de pluviales.<\/p>\n\n\n\n<p>Estas actuaciones se suman a las obras de reparaci\u00f3n del muro del castillo de Alpuente, recepcionadas en el mes de mayo, con una inversi\u00f3n de la Diputaci\u00f3n de 127.282 euros.<\/p>\n","protected":false},"excerpt":{"rendered":"<div class=\"mh-excerpt\">La obra se ha ejecutado con car\u00e1cter urgente por el \u00e1rea de Medio Ambiente para minimizar el riesgo de desprendimientos, seg\u00fan explica la vicepresidenta y responsable del \u00e1rea, Maria Josep Amig\u00f3 El \u00e1rea de Medio <a class=\"mh-excerpt-more\" href=\"https:\/\/www.tucomarca.com\/wordpress\/segunda\/la-diputacio-asegura-el-talud-de-la-calle-aragon-en-casas-bajas\/\" title=\"La Diputaci\u00f3 asegura el talud de la calle Arag\u00f3n en Casas Bajas\">[+] <\/a><\/div>\n","protected":false},"author":12,"featured_media":168716,"comment_status":"open","ping_status":"open","sticky":false,"template":"","format":"standard","meta":{"footnotes":""},"categories":[49,225,128,8,142,3,45],"tags":[10451,3677,1318],"class_list":{"0":"post-168712","1":"post","2":"type-post","3":"status-publish","4":"format-standard","5":"has-post-thumbnail","7":"category-ademuz","8":"category-casas-bajas","9":"category-infraestructuras","10":"category-la-comarca","11":"category-politica-la-comarca","12":"category-seccion","13":"category-ventana","14":"tag-casas-bajas","15":"tag-diputacio-de-valencia","16":"tag-rincon-de-ademuz"},"_links":{"self":[{"href":"https:\/\/www.tucomarca.com\/wordpress\/segunda\/wp-json\/wp\/v2\/posts\/168712","targetHints":{"allow":["GET"]}}],"collection":[{"href":"https:\/\/www.tucomarca.com\/wordpress\/segunda\/wp-json\/wp\/v2\/posts"}],"about":[{"href":"https:\/\/www.tucomarca.com\/wordpress\/segunda\/wp-json\/wp\/v2\/types\/post"}],"author":[{"embeddable":true,"href":"https:\/\/www.tucomarca.com\/wordpress\/segunda\/wp-json\/wp\/v2\/users\/12"}],"replies":[{"embeddable":true,"href":"https:\/\/www.tucomarca.com\/wordpress\/segunda\/wp-json\/wp\/v2\/comments?post=168712"}],"version-history":[{"count":0,"href":"https:\/\/www.tucomarca.com\/wordpress\/segunda\/wp-json\/wp\/v2\/posts\/168712\/revisions"}],"wp:featuredmedia":[{"embeddable":true,"href":"https:\/\/www.tucomarca.com\/wordpress\/segunda\/wp-json\/wp\/v2\/media\/168716"}],"wp:attachment":[{"href":"https:\/\/www.tucomarca.com\/wordpress\/segunda\/wp-json\/wp\/v2\/media?parent=168712"}],"wp:term":[{"taxonomy":"category","embeddable":true,"href":"https:\/\/www.tucomarca.com\/wordpress\/segunda\/wp-json\/wp\/v2\/categories?post=168712"},{"taxonomy":"post_tag","embeddable":true,"href":"https:\/\/www.tucomarca.com\/wordpress\/segunda\/wp-json\/wp\/v2\/tags?post=168712"}],"curies":[{"name":"wp","href":"https:\/\/api.w.org\/{rel}","templated":true}]}}