{"id":16874,"date":"2013-07-31T11:44:00","date_gmt":"2013-07-31T08:44:00","guid":{"rendered":"http:\/\/www.tucomarca.com\/wordpress\/segunda\/?p=16874"},"modified":"2013-07-31T12:37:40","modified_gmt":"2013-07-31T09:37:40","slug":"la-conselleria-de-bienestar-social-destina-55-000-euros-para-obras-de-mejora-y-equipamiento-del-centro-social-de-requena","status":"publish","type":"post","link":"https:\/\/www.tucomarca.com\/wordpress\/segunda\/la-conselleria-de-bienestar-social-destina-55-000-euros-para-obras-de-mejora-y-equipamiento-del-centro-social-de-requena\/","title":{"rendered":"La Conselleria de Bienestar Social destina 55.000 euros para obras de mejora y equipamiento del Centro Social de Requena"},"content":{"rendered":"<figure id=\"attachment_16875\" aria-describedby=\"caption-attachment-16875\" style=\"width: 300px\" class=\"wp-caption alignleft\"><a rel=\"attachment wp-att-16875\" href=\"https:\/\/www.tucomarca.com\/wordpress\/segunda\/?attachment_id=16875\"><img loading=\"lazy\" decoding=\"async\" class=\"size-medium wp-image-16875\" title=\"Requena\" src=\"https:\/\/www.tucomarca.com\/wordpress\/segunda\/wp-content\/uploads\/2013\/07\/Requena5-300x224.jpg\" alt=\"\" width=\"300\" height=\"224\" \/><\/a><figcaption id=\"caption-attachment-16875\" class=\"wp-caption-text\">Reuni\u00f3n mantenida entre Albert y los responsables requenenses. tc.c<\/figcaption><\/figure>\n<p>La Directora General de Acci\u00f3n Social y Mayores, Pilar Albert, ha mantenido con el alcalde de Requena y la concejal de Servicios Sociales para tratar el futuro del Centro de Tercera Edad de la localidad en la que les ha anunciado que se van a destinar 55.000 euros para las obras y mejora de equipamiento de este centro.<br \/>\nEl encuentro tambi\u00e9n ha servido para crear una Comisi\u00f3n Bilateral de Gesti\u00f3n y Funcionamiento del Centro de Tercera Edad integrada por la Conselleria de Bienestar Social y el Ayuntamiento de Requena, con el objetivo de que ambas instituciones colaboren en la gesti\u00f3n y funcionamiento de los dos recursos.<br \/>\nAlbert ha destacado que esta inversi\u00f3n servir\u00e1 para mejorar las instalaciones del centro para el que la Conselleria contempla un Centro Social y un Centro de Mayores y ha se\u00f1alado que el objetivo \u00abes acercar a las personas mayores de la comarca recursos y servicios que promocionen un envejecimiento activo y saludable\u00bb<br \/>\nMarta G\u00f3mez, concejal de Servicios Sociales en el Ayuntamiento de Requena, ha valorado de forma muy positiva todo lo anunciado en este reuni\u00f3n ya que \u00abva a mejorar la calidad de vida de las personas mayores de Requena\u201d.<br \/>\nEl primer edil requenense, Javier Berasaluce, ha manifestado su satisfacci\u00f3n por el hecho de que \u201cdesde la Generalitat Valenciana, en este caso desde la Conselleria de Bienestar Social, se sigua invirtiendo en las infraestructuras de nuestra ciudad\u201d.<\/p>\n<p>&nbsp;<\/p>\n","protected":false},"excerpt":{"rendered":"<div class=\"mh-excerpt\">La Directora General de Acci\u00f3n Social y Mayores, Pilar Albert, ha mantenido con el alcalde de Requena y la concejal de Servicios Sociales para tratar el futuro del Centro de Tercera Edad de la localidad <a class=\"mh-excerpt-more\" href=\"https:\/\/www.tucomarca.com\/wordpress\/segunda\/la-conselleria-de-bienestar-social-destina-55-000-euros-para-obras-de-mejora-y-equipamiento-del-centro-social-de-requena\/\" title=\"La Conselleria de Bienestar Social destina 55.000 euros para obras de mejora y equipamiento del Centro Social de Requena\">[+] <\/a><\/div>\n","protected":false},"author":2,"featured_media":16875,"comment_status":"open","ping_status":"open","sticky":false,"template":"","format":"standard","meta":{"footnotes":""},"categories":[8,28,27,3,45],"tags":[],"class_list":{"0":"post-16874","1":"post","2":"type-post","3":"status-publish","4":"format-standard","5":"has-post-thumbnail","7":"category-la-comarca","8":"category-requena","9":"category-requena-utiel","10":"category-seccion","11":"category-ventana"},"_links":{"self":[{"href":"https:\/\/www.tucomarca.com\/wordpress\/segunda\/wp-json\/wp\/v2\/posts\/16874","targetHints":{"allow":["GET"]}}],"collection":[{"href":"https:\/\/www.tucomarca.com\/wordpress\/segunda\/wp-json\/wp\/v2\/posts"}],"about":[{"href":"https:\/\/www.tucomarca.com\/wordpress\/segunda\/wp-json\/wp\/v2\/types\/post"}],"author":[{"embeddable":true,"href":"https:\/\/www.tucomarca.com\/wordpress\/segunda\/wp-json\/wp\/v2\/users\/2"}],"replies":[{"embeddable":true,"href":"https:\/\/www.tucomarca.com\/wordpress\/segunda\/wp-json\/wp\/v2\/comments?post=16874"}],"version-history":[{"count":0,"href":"https:\/\/www.tucomarca.com\/wordpress\/segunda\/wp-json\/wp\/v2\/posts\/16874\/revisions"}],"wp:featuredmedia":[{"embeddable":true,"href":"https:\/\/www.tucomarca.com\/wordpress\/segunda\/wp-json\/wp\/v2\/media\/16875"}],"wp:attachment":[{"href":"https:\/\/www.tucomarca.com\/wordpress\/segunda\/wp-json\/wp\/v2\/media?parent=16874"}],"wp:term":[{"taxonomy":"category","embeddable":true,"href":"https:\/\/www.tucomarca.com\/wordpress\/segunda\/wp-json\/wp\/v2\/categories?post=16874"},{"taxonomy":"post_tag","embeddable":true,"href":"https:\/\/www.tucomarca.com\/wordpress\/segunda\/wp-json\/wp\/v2\/tags?post=16874"}],"curies":[{"name":"wp","href":"https:\/\/api.w.org\/{rel}","templated":true}]}}