{"id":168752,"date":"2022-09-29T10:00:00","date_gmt":"2022-09-29T08:00:00","guid":{"rendered":"https:\/\/www.tucomarca.com\/wordpress\/segunda\/?p=168752"},"modified":"2022-09-29T15:01:57","modified_gmt":"2022-09-29T13:01:57","slug":"el-ayuntamiento-de-alborache-aprueba-con-la-abstencion-del-pp-el-i-plan-municipal-de-igualdad","status":"publish","type":"post","link":"https:\/\/www.tucomarca.com\/wordpress\/segunda\/el-ayuntamiento-de-alborache-aprueba-con-la-abstencion-del-pp-el-i-plan-municipal-de-igualdad\/","title":{"rendered":"El Ayuntamiento de Alborache aprueba con la abstenci\u00f3n del PP el I Plan Municipal de Igualdad &nbsp;"},"content":{"rendered":"\n<p>El Ayuntamiento de Alborache en sesi\u00f3n plenaria de 27 de septiembre, ha aprobado con la abstenci\u00f3n del Partido Popular, el I Plan Municipal de Igualdad de Mujeres y Hombres.<\/p>\n\n\n\n<p>El citado plan, como ha explicado la alcaldesa, Paqui Collado, contiene la informaci\u00f3n necesaria para guiar la pol\u00edtica municipal desde sus diferentes \u00e1mbitos hacia la consecuci\u00f3n real y efectiva para conseguir una igualdad real en el municipio. Con ello, el Ayuntamiento \u201capuesta por su compromiso con la Igualdad y con este plan se tiene el objetivo de contribuir a mejorar la situaci\u00f3n social, pol\u00edtica, educativa, familiar y cultural de la ciudadan\u00eda, promoviendo la aplicaci\u00f3n transversal del principio de igualdad de g\u00e9nero\u201d, ha se\u00f1alado la alcaldesa.<\/p>\n\n\n\n<p>Asimismo, Collado ha lamentado, una vez m\u00e1s, la postura y la falta de responsabilidad del Partido Popular ante medidas que benefician a toda la ciudadan\u00eda de Alborache, lo que para Collado demuestra \u201cla oposici\u00f3n de boicoteo del PP y su falta de visi\u00f3n de futuro y compromiso para el pueblo\u201d, ya que como ha recordado, gracias a este Plan el municipio optar\u00e1 y recibir\u00e1 a ayudas que hasta ahora no se hab\u00edan podido solicitar por la falta de este plan.<\/p>\n\n\n\n<p>Por otra parte, en la misma sesi\u00f3n plenaria y con la abstenci\u00f3n, otra vez, del PP, el Ayuntamiento aprob\u00f3 su adhesi\u00f3n en la Red de Gobernanza Participativa Municipal de la Comunidad Valenciana. Un paso m\u00e1s para continuar fortaleciendo los v\u00ednculos entre la administraci\u00f3n local y el vecindario y la implicaci\u00f3n de la ciudadan\u00eda en los asuntos p\u00fablicos, como ha se\u00f1alado la primera edil municipal.<\/p>\n\n\n\n<p>\u00abPara nosotros, la participaci\u00f3n ciudadana es mucho m\u00e1s que una obligaci\u00f3n que las administraciones p\u00fablicas tenemos el deber de desarrollar. Es uno de los pilares b\u00e1sicos sobre los cuales se sustenta nuestra pol\u00edtica y forma de gobernar\u00bb, ha asegurado la alcaldesa.<\/p>\n\n\n\n<p>La Red de Gobernanza Participativa Municipal en la Comunidad Valenciana pretende ser un instrumento de colaboraci\u00f3n, debate y reflexi\u00f3n entre la Conselleria de Participaci\u00f3n, Transparencia, Cooperaci\u00f3n y Calidad Democr\u00e1tica, competente en materia de participaci\u00f3n ciudadana, y los municipios y mancomunidades.<\/p>\n\n\n\n<p>La Red, adem\u00e1s, tiene como objeto impulsar y coordinar las actuaciones que se desarrollan en los diferentes municipios y comarcas comprometidos con la participaci\u00f3n ciudadana, intercambiar experiencias entre las administraciones y proponer acciones conjuntas.<\/p>\n","protected":false},"excerpt":{"rendered":"<div class=\"mh-excerpt\">El Ayuntamiento de Alborache en sesi\u00f3n plenaria de 27 de septiembre, ha aprobado con la abstenci\u00f3n del Partido Popular, el I Plan Municipal de Igualdad de Mujeres y Hombres. El citado plan, como ha explicado <a class=\"mh-excerpt-more\" href=\"https:\/\/www.tucomarca.com\/wordpress\/segunda\/el-ayuntamiento-de-alborache-aprueba-con-la-abstencion-del-pp-el-i-plan-municipal-de-igualdad\/\" title=\"El Ayuntamiento de Alborache aprueba con la abstenci\u00f3n del PP el I Plan Municipal de Igualdad &nbsp;\">[+] <\/a><\/div>\n","protected":false},"author":12,"featured_media":168754,"comment_status":"open","ping_status":"open","sticky":false,"template":"","format":"standard","meta":{"footnotes":""},"categories":[19,128,10,142,3],"tags":[10386,5952,14971],"class_list":{"0":"post-168752","1":"post","2":"type-post","3":"status-publish","4":"format-standard","5":"has-post-thumbnail","7":"category-alborache","8":"category-infraestructuras","9":"category-la-hoya","10":"category-politica-la-comarca","11":"category-seccion","12":"tag-alborache","13":"tag-la-hoya-de-bunol-chiva","14":"tag-plan-de-igualdad"},"_links":{"self":[{"href":"https:\/\/www.tucomarca.com\/wordpress\/segunda\/wp-json\/wp\/v2\/posts\/168752","targetHints":{"allow":["GET"]}}],"collection":[{"href":"https:\/\/www.tucomarca.com\/wordpress\/segunda\/wp-json\/wp\/v2\/posts"}],"about":[{"href":"https:\/\/www.tucomarca.com\/wordpress\/segunda\/wp-json\/wp\/v2\/types\/post"}],"author":[{"embeddable":true,"href":"https:\/\/www.tucomarca.com\/wordpress\/segunda\/wp-json\/wp\/v2\/users\/12"}],"replies":[{"embeddable":true,"href":"https:\/\/www.tucomarca.com\/wordpress\/segunda\/wp-json\/wp\/v2\/comments?post=168752"}],"version-history":[{"count":0,"href":"https:\/\/www.tucomarca.com\/wordpress\/segunda\/wp-json\/wp\/v2\/posts\/168752\/revisions"}],"wp:featuredmedia":[{"embeddable":true,"href":"https:\/\/www.tucomarca.com\/wordpress\/segunda\/wp-json\/wp\/v2\/media\/168754"}],"wp:attachment":[{"href":"https:\/\/www.tucomarca.com\/wordpress\/segunda\/wp-json\/wp\/v2\/media?parent=168752"}],"wp:term":[{"taxonomy":"category","embeddable":true,"href":"https:\/\/www.tucomarca.com\/wordpress\/segunda\/wp-json\/wp\/v2\/categories?post=168752"},{"taxonomy":"post_tag","embeddable":true,"href":"https:\/\/www.tucomarca.com\/wordpress\/segunda\/wp-json\/wp\/v2\/tags?post=168752"}],"curies":[{"name":"wp","href":"https:\/\/api.w.org\/{rel}","templated":true}]}}