{"id":168758,"date":"2022-09-29T10:05:00","date_gmt":"2022-09-29T08:05:00","guid":{"rendered":"https:\/\/www.tucomarca.com\/wordpress\/segunda\/?p=168758"},"modified":"2022-09-29T15:04:24","modified_gmt":"2022-09-29T13:04:24","slug":"la-concejalia-de-medio-ambiente-recibe-un-reconocimiento-de-la-universidad-politecnica-de-valencia-por-la-elaboracion-del-proyecto-cheste-luz-verde","status":"publish","type":"post","link":"https:\/\/www.tucomarca.com\/wordpress\/segunda\/la-concejalia-de-medio-ambiente-recibe-un-reconocimiento-de-la-universidad-politecnica-de-valencia-por-la-elaboracion-del-proyecto-cheste-luz-verde\/","title":{"rendered":"La concejal\u00eda de Medio Ambiente recibe un reconocimiento de la Universidad Polit\u00e9cnica de Valencia por la elaboraci\u00f3n del proyecto Cheste Luz Verde"},"content":{"rendered":"\n<p>La Escuela T\u00e9cnica Superior de Ingenier\u00eda Industrial de Valencia de la Universidad Polit\u00e9cnica llev\u00f3 a cabo, el pasado 23 de septiembre, un acto de reconocimiento a la labor del concejal de Medio Ambiente y Parques y Jardines del Ayuntamiento de Cheste, David Pujals, por impulsar el proyecto Cheste Luz Verde.<\/p>\n\n\n\n<p>Este proyecto, respaldado por la Generalitat y el Ministerio de Consumo, se present\u00f3 en Cheste en septiembre de 2021 y persigue el objetivo de ofrecer a los vecinos y las vecinas de la localidad una alternativa de consumo energ\u00e9tico m\u00e1s econ\u00f3mica y respetuosa con el Medioambiente, a trav\u00e9s de la instalaci\u00f3n de paneles solares en diferentes espacios de la localidad.<\/p>\n\n\n\n<p>\u201cQuiero agradecer a la Escuela Superior de Ingenieros Industriales y la Universidad Polit\u00e9cnica la celebraci\u00f3n de este acto. Es un honor recibir este reconocimiento, lo que supone un espaldarazo moral al esfuerzo que hemos realizado y al proyecto en s\u00ed\u201d, declaraba Pujals. \u201cEste proyecto nace de algo que dijo Plat\u00f3n: las ideas se tienen y no son nada hasta que alguien las hace realidad. Sabemos que necesitamos grandes ideas para ser mejores y m\u00e1s sostenibles; espero que esta sea una ellas\u201d.<\/p>\n\n\n\n<p>El acto se enmarc\u00f3 en la Jornada de Sostenibilidad e Innovaci\u00f3n: <em>Energ\u00eda para el futuro<\/em>, que organizaba la Escuela T\u00e9cnica Superior de Ingenieros Industriales de Valencia en el Sal\u00f3n de Grados de la Universidad Polit\u00e9cnica de Valencia. La sesi\u00f3n estuvo presidida por Marta Peris Ortiz, catedr\u00e1tica de Emprendimiento, Innovaci\u00f3n y Sostenibilidad del Departamento de Organizaci\u00f3n de Empresas de la Escuela T\u00e9cnica de Ingenieros Industriales de Valencia y por \u00c1ngel Ortiz Blas, director de la Escuela T\u00e9cnica Superior de Ingenieros Industriales; y cont\u00f3 con la ponencia <em>Adquisiciones sostenibles &#8211; Alineaci\u00f3n de objetivos<\/em>, a cargo de Gregorio Rius Sorolla, doctor y profesor del departamento de Organizaci\u00f3n de Empresas de la Universidad Polit\u00e9cnica de Valencia.<\/p>\n\n\n\n<p>\u201cEn esta jornada vamos a hablar de econom\u00eda, sostenibilidad y eficacia. De futuro. Pero, adem\u00e1s se reconocer\u00e1, creo que por primera vez, el gran potencial y las expectativas de un proyecto que parec\u00eda peque\u00f1o, pero que gracias al tes\u00f3n de uno de sus art\u00edfices, David Pujals, concejal de Medio Ambiente del Ayuntamiento de Cheste, tiene visos de ser una realidad de gran calado; no solo en su municipio, sino en toda la Comunidad Valenciana. Su proyecto, Cheste Luz Verde tiene en s\u00ed mismo, como concepto, todo aquello que puede esperarse de una idea enfocada a la empresa, a los servicios p\u00fablicos, a la energ\u00eda y, sobre todo, al bienestar de todos nosotros. Es sencillo, potente, replicable y real, como deben ser las ideas innovadoras que fusionan lo p\u00fablico y lo privado con un solo objetivo: el bienestar de todos\u201d, manifestaba la catedr\u00e1tica al inicio de la jornada.<\/p>\n\n\n\n<p>Por su parte, \u00c1ngel Ortiz se sum\u00f3 a los elogios hacia el proyecto y entreg\u00f3 una placa conmemorativa al concejal. \u201cEste reconocimiento de <em>l<\/em>\u2019<em>Escola d<\/em>\u2019<em>Enginyers industrials<\/em> a Cheste Luz Verde, es un reconocimiento a la ilusi\u00f3n, el convencimiento y la implicaci\u00f3n de la sociedad civil, la empresa privada y el sector p\u00fablico que se engarzan en un engranaje perfecto que hace pensar que, como dec\u00eda el poeta, todo est\u00e1 por hacer, pero, sobre todo, que todo es posible\u201d, apuntaba el director.<\/p>\n","protected":false},"excerpt":{"rendered":"<div class=\"mh-excerpt\">La Escuela T\u00e9cnica Superior de Ingenier\u00eda Industrial de Valencia de la Universidad Polit\u00e9cnica llev\u00f3 a cabo, el pasado 23 de septiembre, un acto de reconocimiento a la labor del concejal de Medio Ambiente y Parques <a class=\"mh-excerpt-more\" href=\"https:\/\/www.tucomarca.com\/wordpress\/segunda\/la-concejalia-de-medio-ambiente-recibe-un-reconocimiento-de-la-universidad-politecnica-de-valencia-por-la-elaboracion-del-proyecto-cheste-luz-verde\/\" title=\"La concejal\u00eda de Medio Ambiente recibe un reconocimiento de la Universidad Polit\u00e9cnica de Valencia por la elaboraci\u00f3n del proyecto Cheste Luz Verde\">[+] <\/a><\/div>\n","protected":false},"author":12,"featured_media":168763,"comment_status":"open","ping_status":"open","sticky":false,"template":"","format":"standard","meta":{"footnotes":""},"categories":[17,128,8,10,117,142,3],"tags":[13679,5952,12690],"class_list":{"0":"post-168758","1":"post","2":"type-post","3":"status-publish","4":"format-standard","5":"has-post-thumbnail","7":"category-cheste","8":"category-infraestructuras","9":"category-la-comarca","10":"category-la-hoya","11":"category-medio-ambiente-la-comarca","12":"category-politica-la-comarca","13":"category-seccion","14":"tag-cheste-verde","15":"tag-la-hoya-de-bunol-chiva","16":"tag-upv"},"_links":{"self":[{"href":"https:\/\/www.tucomarca.com\/wordpress\/segunda\/wp-json\/wp\/v2\/posts\/168758","targetHints":{"allow":["GET"]}}],"collection":[{"href":"https:\/\/www.tucomarca.com\/wordpress\/segunda\/wp-json\/wp\/v2\/posts"}],"about":[{"href":"https:\/\/www.tucomarca.com\/wordpress\/segunda\/wp-json\/wp\/v2\/types\/post"}],"author":[{"embeddable":true,"href":"https:\/\/www.tucomarca.com\/wordpress\/segunda\/wp-json\/wp\/v2\/users\/12"}],"replies":[{"embeddable":true,"href":"https:\/\/www.tucomarca.com\/wordpress\/segunda\/wp-json\/wp\/v2\/comments?post=168758"}],"version-history":[{"count":0,"href":"https:\/\/www.tucomarca.com\/wordpress\/segunda\/wp-json\/wp\/v2\/posts\/168758\/revisions"}],"wp:featuredmedia":[{"embeddable":true,"href":"https:\/\/www.tucomarca.com\/wordpress\/segunda\/wp-json\/wp\/v2\/media\/168763"}],"wp:attachment":[{"href":"https:\/\/www.tucomarca.com\/wordpress\/segunda\/wp-json\/wp\/v2\/media?parent=168758"}],"wp:term":[{"taxonomy":"category","embeddable":true,"href":"https:\/\/www.tucomarca.com\/wordpress\/segunda\/wp-json\/wp\/v2\/categories?post=168758"},{"taxonomy":"post_tag","embeddable":true,"href":"https:\/\/www.tucomarca.com\/wordpress\/segunda\/wp-json\/wp\/v2\/tags?post=168758"}],"curies":[{"name":"wp","href":"https:\/\/api.w.org\/{rel}","templated":true}]}}