{"id":16878,"date":"2013-07-31T12:38:26","date_gmt":"2013-07-31T09:38:26","guid":{"rendered":"http:\/\/www.tucomarca.com\/wordpress\/segunda\/?p=16878"},"modified":"2013-07-31T12:38:26","modified_gmt":"2013-07-31T09:38:26","slug":"gobernacion-decreta-la-preemergencia-por-riesgo-de-incendios-forestales-en-toda-la-comunitat-valenciana-3","status":"publish","type":"post","link":"https:\/\/www.tucomarca.com\/wordpress\/segunda\/gobernacion-decreta-la-preemergencia-por-riesgo-de-incendios-forestales-en-toda-la-comunitat-valenciana-3\/","title":{"rendered":"Gobernaci\u00f3n decreta la preemergencia por riesgo de incendios forestales en toda la Comunitat Valenciana"},"content":{"rendered":"<p>La Conselleria de Gobernaci\u00f3n y Justicia, a trav\u00e9s del Centro de Coordinaci\u00f3n de Emergencias (CCE), ha decretado hoy mi\u00e9rcoles, 31 de julio, el Nivel 3 de preemergencia, riesgo m\u00e1ximo de incendios forestales, en toda la Comunitat Valenciana debido a la operaci\u00f3n salida de agosto en el que se prev\u00e9n miles de desplazamientos por carretera, as\u00ed como un incremento considerable de la actividad tur\u00edstica en nuestros montes y playas.<\/p>\n<p>La Agencia Estatal de Meteorolog\u00eda prev\u00e9 para esta jornada \u00abcielos despejados. Temperaturas sin cambios o en ligero ascenso. Vientos variables con predominio de la componente este, en la mitad sur, flojos con brisas\u00bb.<\/p>\n<p>La Conselleria de Gobernaci\u00f3n y Justicia recuerda que el Nivel 3 de preemergencia o riesgo m\u00e1ximo de incendios forestales supone la prohibici\u00f3n de realizar cualquier tipo de fuego, incluso en las zonas recreativas autorizadas y habilitadas a tal efecto.<\/p>\n<p>Ante esta situaci\u00f3n, el CCE mantiene contacto directo con todos los ayuntamientos y organismos de emergencia afectados con el fin de informarles de la situaci\u00f3n y evoluci\u00f3n de la preemergencia prevista para el d\u00eda hoy.<\/p>\n<p>Asimismo, el CCE ha incrementado, hoy y ma\u00f1ana, un 14,9% los turnos del personal de la Sala de atenci\u00f3n de llamadas de &#8216;112 Comunitat Valenciana&#8217;, respeto a un d\u00eda ordinario, con el fin de poder atender en los mismos niveles de calidad el incremento de llamadas que puedan producirse.<\/p>\n<p>Es oportuno recordar que el dispositivo de la Generalitat para esta campa\u00f1a de verano est\u00e1 formado por cerca de 11.000 efectivos, un flota de m\u00e1s de 1.000 veh\u00edculos y 24 medios a\u00e9reos destinados a la lucha contra incendios forestales.<\/p>\n<p>Por \u00faltimo, el CCE y la Conselleria de Gobernaci\u00f3n y Justicia hacen un llamamiento a la prudencia de la sociedad en general para evitar, en la medida de lo posible, posibles incendios forestales y a respetar y cumplir en todo momento las normas que se derivan de decretar Preemergencia por riesgo de incendios forestales.<\/p>\n<p>Consejos a la poblaci\u00f3n sobre incendios forestales:<\/p>\n<p>&#8211; No encender fuego bajo ning\u00fan concepto<\/p>\n<p>&#8211; No fumar mientras se camina por el monte, ni arrojar, en ning\u00fan concepto, colillas o f\u00f3sforos desde veh\u00edculos.<\/p>\n<p>&#8211; No utilizar artefactos o material explosivo como petardos, masclets, carcasas, etc.<\/p>\n<p>&#8211; Nunca arrojar basuras, depositarlas en el contenedor del municipio m\u00e1s cercano.<\/p>\n<p>&#8211; En el monte o en sus inmediaciones nunca arrojar artefactos o material explosivo como petardos, masclets, carcasas, etc., ni utilizar sin autorizaci\u00f3n herramientas o motores que puedan producir una chispa o un fuego.<\/p>\n<p>&#8211; Si detecta un incendio, comun\u00edquelo inmediatamente al tel\u00e9fono &#8216;112 Comunitat Valenciana&#8217;, sin pensar que alguien lo habr\u00e1 hecho ya o dar aviso a las autoridades m\u00e1s cercanas.<\/p>\n<p>&#8211; En caso de incendio, siga en to<\/p>\n","protected":false},"excerpt":{"rendered":"<div class=\"mh-excerpt\">La Conselleria de Gobernaci\u00f3n y Justicia, a trav\u00e9s del Centro de Coordinaci\u00f3n de Emergencias (CCE), ha decretado hoy mi\u00e9rcoles, 31 de julio, el Nivel 3 de preemergencia, riesgo m\u00e1ximo de incendios forestales, en toda la <a class=\"mh-excerpt-more\" href=\"https:\/\/www.tucomarca.com\/wordpress\/segunda\/gobernacion-decreta-la-preemergencia-por-riesgo-de-incendios-forestales-en-toda-la-comunitat-valenciana-3\/\" title=\"Gobernaci\u00f3n decreta la preemergencia por riesgo de incendios forestales en toda la Comunitat Valenciana\">[+] <\/a><\/div>\n","protected":false},"author":2,"featured_media":0,"comment_status":"open","ping_status":"open","sticky":false,"template":"","format":"standard","meta":{"footnotes":""},"categories":[8,72,10,3],"tags":[390,336,394],"class_list":{"0":"post-16878","1":"post","2":"type-post","3":"status-publish","4":"format-standard","6":"category-la-comarca","7":"category-sin-categorizar","8":"category-la-hoya","9":"category-seccion","10":"tag-gobernacion","11":"tag-incendios","12":"tag-preemergencia"},"_links":{"self":[{"href":"https:\/\/www.tucomarca.com\/wordpress\/segunda\/wp-json\/wp\/v2\/posts\/16878","targetHints":{"allow":["GET"]}}],"collection":[{"href":"https:\/\/www.tucomarca.com\/wordpress\/segunda\/wp-json\/wp\/v2\/posts"}],"about":[{"href":"https:\/\/www.tucomarca.com\/wordpress\/segunda\/wp-json\/wp\/v2\/types\/post"}],"author":[{"embeddable":true,"href":"https:\/\/www.tucomarca.com\/wordpress\/segunda\/wp-json\/wp\/v2\/users\/2"}],"replies":[{"embeddable":true,"href":"https:\/\/www.tucomarca.com\/wordpress\/segunda\/wp-json\/wp\/v2\/comments?post=16878"}],"version-history":[{"count":0,"href":"https:\/\/www.tucomarca.com\/wordpress\/segunda\/wp-json\/wp\/v2\/posts\/16878\/revisions"}],"wp:attachment":[{"href":"https:\/\/www.tucomarca.com\/wordpress\/segunda\/wp-json\/wp\/v2\/media?parent=16878"}],"wp:term":[{"taxonomy":"category","embeddable":true,"href":"https:\/\/www.tucomarca.com\/wordpress\/segunda\/wp-json\/wp\/v2\/categories?post=16878"},{"taxonomy":"post_tag","embeddable":true,"href":"https:\/\/www.tucomarca.com\/wordpress\/segunda\/wp-json\/wp\/v2\/tags?post=16878"}],"curies":[{"name":"wp","href":"https:\/\/api.w.org\/{rel}","templated":true}]}}