{"id":168790,"date":"2022-09-29T08:55:00","date_gmt":"2022-09-29T06:55:00","guid":{"rendered":"https:\/\/www.tucomarca.com\/wordpress\/segunda\/?p=168790"},"modified":"2022-10-02T18:26:33","modified_gmt":"2022-10-02T16:26:33","slug":"las-dos-bandas-de-bunol-cierran-el-i-festival-de-bandas-juveniles-de-la-comarca-este-fin-de-semana","status":"publish","type":"post","link":"https:\/\/www.tucomarca.com\/wordpress\/segunda\/las-dos-bandas-de-bunol-cierran-el-i-festival-de-bandas-juveniles-de-la-comarca-este-fin-de-semana\/","title":{"rendered":"<strong>Las dos bandas de Bu\u00f1ol cierran el I Festival de Bandas juveniles de la comarca este fin de semana<\/strong>"},"content":{"rendered":"\n<h4 class=\"wp-block-heading\">El s\u00e1bado las calles de Bu\u00f1ol, Y\u00e1tova y Alborache albergar\u00e1n los pasacalles de \u00abLa Art\u00edstica\u00bb de Bu\u00f1ol y la Uni\u00f3n Musical de Y\u00e1tova, mientras que el domingo ser\u00e1 el turno de \u00abLa Arm\u00f3nica\u00bb de Bu\u00f1ol y la Primitiva de Alborache. La Concejal\u00eda de Turismo de Bu\u00f1ol colabora activamente en la organizaci\u00f3n de este festival.&nbsp;<\/h4>\n\n\n\n<figure class=\"wp-block-gallery has-nested-images columns-default is-cropped wp-block-gallery-1 is-layout-flex wp-block-gallery-is-layout-flex\">\n<figure class=\"wp-block-image size-large\"><img loading=\"lazy\" decoding=\"async\" width=\"626\" height=\"886\" data-id=\"168794\" src=\"https:\/\/www.tucomarca.com\/wordpress\/segunda\/wp-content\/uploads\/2022\/09\/FestivalBandasMancomunidad02.jpg\" alt=\"\" class=\"wp-image-168794\" srcset=\"https:\/\/www.tucomarca.com\/wordpress\/segunda\/wp-content\/uploads\/2022\/09\/FestivalBandasMancomunidad02.jpg 626w, https:\/\/www.tucomarca.com\/wordpress\/segunda\/wp-content\/uploads\/2022\/09\/FestivalBandasMancomunidad02-212x300.jpg 212w\" sizes=\"auto, (max-width: 626px) 100vw, 626px\" \/><\/figure>\n\n\n\n<figure class=\"wp-block-image size-large\"><img loading=\"lazy\" decoding=\"async\" width=\"626\" height=\"886\" data-id=\"168792\" src=\"https:\/\/www.tucomarca.com\/wordpress\/segunda\/wp-content\/uploads\/2022\/09\/FestivalBandasMancomunidad01.jpg\" alt=\"\" class=\"wp-image-168792\" srcset=\"https:\/\/www.tucomarca.com\/wordpress\/segunda\/wp-content\/uploads\/2022\/09\/FestivalBandasMancomunidad01.jpg 626w, https:\/\/www.tucomarca.com\/wordpress\/segunda\/wp-content\/uploads\/2022\/09\/FestivalBandasMancomunidad01-212x300.jpg 212w\" sizes=\"auto, (max-width: 626px) 100vw, 626px\" \/><\/figure>\n<\/figure>\n\n\n\n<p>El Festival de M\u00fasica de Bandas Juveniles de la Mancomunidad finaliza este fin de semana en Bu\u00f1ol, Y\u00e1tova y Alborache. Habr\u00e1 recorrido los diez municipios de la comarca con el objetivo de poner en valor a los int\u00e9rpretes en formaci\u00f3n de un territorio vertebrado por 12 sociedades musicales. La Casa de la M\u00fasica de Chiva fue el primer auditorio en acoger el talento de las bandas juveniles que vertebran la comarca de La Hoya de Bu\u00f1ol-Chiva. Fue el pasado domingo cuando la Sociedad Musical la Art\u00edstica de Chiva y la Asociaci\u00f3n Musical la Lira de Cheste se unieron en este primer Festival de M\u00fasica de Bandas Juveniles de la Mancomunidad Hoya de Bu\u00f1ol-Chiva, organizado junto a la Federaci\u00f3n de Sociedades Musicales de la Comunitat Valenciana (FSMCV).<\/p>\n\n\n\n<p>Este festival es una iniciativa pionera en la comarca, fruto del convenio firmado recientemente entre la Mancomunidad y la FSMCV, impulsado con la finalidad de difundir el talento de los j\u00f3venes int\u00e9rpretes de la comarca y fortalecer los v\u00ednculos entre sociedades, motivo por el que en cada concierto comparten protagonismo dos formaciones de diferentes municipios. De este modo, en Chiva tuvo lugar la \u00faltima cita de este ciclo el pasado fin de semana y que arranc\u00f3 el 10 de septiembre con la actuaci\u00f3n conjunta de la Uni\u00f3n Musical Millarense y la Asociaci\u00f3n Musical Virgen del Rosario de Dos Aguas.<\/p>\n\n\n\n<p>Hasta este domingo, 12 bandas juveniles procedentes de las sociedades musicales federadas habr\u00e1n llenado de m\u00fasica plazas, calles y auditorios de&nbsp;Dos Aguas, Millares, Chiva, Cheste, Tur\u00eds, Y\u00e1tova, Siete Aguas, Bu\u00f1ol, Godelleta y Alborache,&nbsp;los diez municipios integrados en el Plan de Dinamizaci\u00f3n y Gobernanza de la Mancomunidad La Hoya de Bu\u00f1ol-Chiva. Este plan cuenta con tres patas: Generalitat Valenciana, Diputaci\u00f3n de Valencia y Mancomunidad (donde los ayuntamientos son piedra angular de esta instituci\u00f3n).<\/p>\n\n\n\n<p>Este festival de m\u00fasica finaliza el fin de semana en Bu\u00f1ol, Y\u00e1tova y Alborache con el siguiente programa de actos: este s\u00e1bado por la ma\u00f1ana, a las 12h, habr\u00e1 pasacalle en Y\u00e1tova a cargo de la banda juvenil de la SM La Art\u00edstica de Bu\u00f1ol y la de la Sociedad Uni\u00f3n Musical de Y\u00e1tova; por la tarde, a las 18h, en Bu\u00f1ol, desde el Teatro Montecarlo y hasta el Ayuntamiento, se podr\u00e1 ver a estas dos bandas, s\u00f3lo que desfilar\u00e1 en primer lugar la de Y\u00e1tova y la de la Art\u00edstica en segundo lugar; y el domingo, a las 11h, en Alborache, desde la Plaza Espa\u00f1a hasta el Musical, ser\u00e1 el turno de la Banda de La Arm\u00f3nica y de la de la Sociedad Musical La Primitiva de Alborache; a las 13h, en Bu\u00f1ol, desde la Avenida de la Violeta hasta el Palacio de la M\u00fasica, con estas dos bandas, desfilando en primer lugar la de Alborache y finalizar\u00e1 la de La Arm\u00f3nica.&nbsp;<\/p>\n\n\n\n<p>Seg\u00fan el presidente de la Mancomunidad de La Hoya de Bu\u00f1ol-Chiva, Miguel T\u00f3rtola, \u201cel fin de este festival es \u201cvolver a darle importancia a nuestras sociedades musicales y tambi\u00e9n a la cultura y rico patrimonio de nuestra comarca. Agradezco la colaboraci\u00f3n e implicaci\u00f3n&nbsp; de los&nbsp; ayuntamientos de la mancomunidad y espero que sea un primer paso para consolidar en el tiempo est\u00e1 iniciativa tan importante para nuestras sociedades musicales y conjunto de la sociedad\u201d.<\/p>\n\n\n\n<p>Por su parte, Mar\u00eda Vall\u00e9s, concejala de Turismo del Ayuntamiento de Bu\u00f1ol, ha mostrado su satisfacci\u00f3n por este plan, aprobado con el consenso de todos los ayuntamientos y que magnifica el proyecto de comarca: \u201capostamos por el turismo musical y esta iniciativa nos pareci\u00f3 muy buena para asegurar que todas las personas que este fin de semana se alojen en la comarca o municipios lim\u00edtrofes, vengan y comprueben algo que nosotros estamos acostumbrados a ver y escuchar como es nuestros j\u00f3venes m\u00fasicos desfilando, pero que no es tan com\u00fan en otras localidades, y que hay que ponerlo en valor\u201d.<\/p>\n\n\n\n<p>Adem\u00e1s, confirma Vall\u00e9s, que despu\u00e9s de un fren\u00e9tico verano donde las bandas y m\u00fasicos del municipio han trabajado much\u00edsimo, \u201chay que continuar garantizando m\u00fasica en las calles, y que las j\u00f3venes promesas musicales puedan disfrutar de un intercambio con sus vecinos, con sus amigos, con chicos de su edad unidos por la misma afici\u00f3n, as\u00ed que invito a toda la poblaci\u00f3n y visitantes a que vengan este s\u00e1bado a Bu\u00f1ol y Y\u00e1tova, y el domingo a Alborache tambi\u00e9n\u201d, finaliz\u00f3 la edil de Turismo.<\/p>\n","protected":false},"excerpt":{"rendered":"<div class=\"mh-excerpt\">El s\u00e1bado las calles de Bu\u00f1ol, Y\u00e1tova y Alborache albergar\u00e1n los pasacalles de \u00abLa Art\u00edstica\u00bb de Bu\u00f1ol y la Uni\u00f3n Musical de Y\u00e1tova, mientras que el domingo ser\u00e1 el turno de \u00abLa Arm\u00f3nica\u00bb de Bu\u00f1ol <a class=\"mh-excerpt-more\" href=\"https:\/\/www.tucomarca.com\/wordpress\/segunda\/las-dos-bandas-de-bunol-cierran-el-i-festival-de-bandas-juveniles-de-la-comarca-este-fin-de-semana\/\" title=\"Las dos bandas de Bu\u00f1ol cierran el I Festival de Bandas juveniles de la comarca este fin de semana\">[+] <\/a><\/div>\n","protected":false},"author":12,"featured_media":168796,"comment_status":"open","ping_status":"open","sticky":false,"template":"","format":"standard","meta":{"footnotes":""},"categories":[19,18,8,10,3,11],"tags":[17919,5952,11513],"class_list":{"0":"post-168790","1":"post","2":"type-post","3":"status-publish","4":"format-standard","5":"has-post-thumbnail","7":"category-alborache","8":"category-bunol","9":"category-la-comarca","10":"category-la-hoya","11":"category-seccion","12":"category-yatova","13":"tag-i-festival-de-bandas-juveniles","14":"tag-la-hoya-de-bunol-chiva","15":"tag-mancomunidad-de-la-hoya-de-bunol-chiva"},"_links":{"self":[{"href":"https:\/\/www.tucomarca.com\/wordpress\/segunda\/wp-json\/wp\/v2\/posts\/168790","targetHints":{"allow":["GET"]}}],"collection":[{"href":"https:\/\/www.tucomarca.com\/wordpress\/segunda\/wp-json\/wp\/v2\/posts"}],"about":[{"href":"https:\/\/www.tucomarca.com\/wordpress\/segunda\/wp-json\/wp\/v2\/types\/post"}],"author":[{"embeddable":true,"href":"https:\/\/www.tucomarca.com\/wordpress\/segunda\/wp-json\/wp\/v2\/users\/12"}],"replies":[{"embeddable":true,"href":"https:\/\/www.tucomarca.com\/wordpress\/segunda\/wp-json\/wp\/v2\/comments?post=168790"}],"version-history":[{"count":0,"href":"https:\/\/www.tucomarca.com\/wordpress\/segunda\/wp-json\/wp\/v2\/posts\/168790\/revisions"}],"wp:featuredmedia":[{"embeddable":true,"href":"https:\/\/www.tucomarca.com\/wordpress\/segunda\/wp-json\/wp\/v2\/media\/168796"}],"wp:attachment":[{"href":"https:\/\/www.tucomarca.com\/wordpress\/segunda\/wp-json\/wp\/v2\/media?parent=168790"}],"wp:term":[{"taxonomy":"category","embeddable":true,"href":"https:\/\/www.tucomarca.com\/wordpress\/segunda\/wp-json\/wp\/v2\/categories?post=168790"},{"taxonomy":"post_tag","embeddable":true,"href":"https:\/\/www.tucomarca.com\/wordpress\/segunda\/wp-json\/wp\/v2\/tags?post=168790"}],"curies":[{"name":"wp","href":"https:\/\/api.w.org\/{rel}","templated":true}]}}