{"id":168801,"date":"2022-09-29T12:30:00","date_gmt":"2022-09-29T10:30:00","guid":{"rendered":"https:\/\/www.tucomarca.com\/wordpress\/segunda\/?p=168801"},"modified":"2022-09-29T21:05:05","modified_gmt":"2022-09-29T19:05:05","slug":"la-comision-de-san-cristobal-con-la-colaboracion-de-la-concejalia-de-cultura-popular-de-bunol-celebra-el-almuerzo-de-fin-del-verano-con-una-barbacoa-gigante","status":"publish","type":"post","link":"https:\/\/www.tucomarca.com\/wordpress\/segunda\/la-comision-de-san-cristobal-con-la-colaboracion-de-la-concejalia-de-cultura-popular-de-bunol-celebra-el-almuerzo-de-fin-del-verano-con-una-barbacoa-gigante\/","title":{"rendered":"La Comisi\u00f3n de San Crist\u00f3bal con la colaboraci\u00f3n de la concejal\u00eda de Cultura Popular\u00a0 de Bu\u00f1ol celebra el \u00abAlmuerzo de fin del verano\u00bb con una barbacoa gigante"},"content":{"rendered":"\n<h4 class=\"wp-block-heading\">La Comisi\u00f3n de San Crist\u00f3bal organiza este s\u00e1bado, junto con la concejal\u00eda de Cultura Popular del Ayuntamiento de Bu\u00f1ol, una jornada de hermandad en la Avenida Rafael Ridaura.&nbsp;<\/h4>\n\n\n\n<p>Este s\u00e1bado en la Avenida Rafael Ridaura habr\u00e1 almuerzos fin del verano, y barbacoa gigante a partir de las 12.30h, posteriormente discom\u00f3vil a cargo de Bruno Velert y Miki Grau. El ticket de 10 euros incluye la barbacoa, picoteo, bebida, postre y caf\u00e9 y el de 14 euros, adem\u00e1s de ello, un cubata. Se pueden comprar los tickets hasta ma\u00f1ana viernes al medio d\u00eda en Peluquer\u00eda Azu, Peluquer\u00eda Miriam, Reparaciones Requena o en el tel\u00e9fono 690 91 39 12.<\/p>\n\n\n\n<p>Rafa P\u00e9rez, concejal de Cultura Popular del Ayuntamiento de Bu\u00f1ol, recuerda que desde que arranc\u00f3 el a\u00f1o todas las asociaciones culturales o festivas del municipio han participado activamente en ofrecer cada fin de semana actos festivos. Se agradece el enorme esfuerzo de todas ellas, \u201cy este fin de semana esta gran comisi\u00f3n decidi\u00f3 montar esta divertida fiesta, en la que como siempre la concejal\u00eda de Cultura Popular colabora en todo lo necesario para seguir garantizando fiesta y diversi\u00f3n en nuestro municipio\u201d.&nbsp;<\/p>\n\n\n\n<p>La Comisi\u00f3n de San Crist\u00f3bal asegura que el objetivo de organizar esta fiesta es crear ambiente en el pueblo y poder ofrecer para el pr\u00f3ximo mes de julio, momento en el que se celebra la festividad en honor a San Crist\u00f3bal, un fin de semana lleno de actividades culturales para todos los p\u00fablicos.&nbsp;<\/p>\n\n\n\n<p>Desde esta asociaci\u00f3n invitan a todos los ciudadanos de Bu\u00f1ol a que acudan a esta fiesta del s\u00e1bado en&nbsp; la barbacoa gigante y posterior discom\u00f3vil que tendr\u00e1 lugar en la avenida Rafael Ridaura a partir de las 12:30h de la ma\u00f1ana.&nbsp;<\/p>\n","protected":false},"excerpt":{"rendered":"<div class=\"mh-excerpt\">La Comisi\u00f3n de San Crist\u00f3bal organiza este s\u00e1bado, junto con la concejal\u00eda de Cultura Popular del Ayuntamiento de Bu\u00f1ol, una jornada de hermandad en la Avenida Rafael Ridaura.&nbsp; Este s\u00e1bado en la Avenida Rafael Ridaura <a class=\"mh-excerpt-more\" href=\"https:\/\/www.tucomarca.com\/wordpress\/segunda\/la-comision-de-san-cristobal-con-la-colaboracion-de-la-concejalia-de-cultura-popular-de-bunol-celebra-el-almuerzo-de-fin-del-verano-con-una-barbacoa-gigante\/\" title=\"La Comisi\u00f3n de San Crist\u00f3bal con la colaboraci\u00f3n de la concejal\u00eda de Cultura Popular\u00a0 de Bu\u00f1ol celebra el \u00abAlmuerzo de fin del verano\u00bb con una barbacoa gigante\">[+] <\/a><\/div>\n","protected":false},"author":12,"featured_media":168807,"comment_status":"open","ping_status":"open","sticky":false,"template":"","format":"standard","meta":{"footnotes":""},"categories":[4,18,8,10,3],"tags":[10385,5952,353],"class_list":{"0":"post-168801","1":"post","2":"type-post","3":"status-publish","4":"format-standard","5":"has-post-thumbnail","7":"category-agenda","8":"category-bunol","9":"category-la-comarca","10":"category-la-hoya","11":"category-seccion","12":"tag-bunol","13":"tag-la-hoya-de-bunol-chiva","14":"tag-san-cristobal"},"_links":{"self":[{"href":"https:\/\/www.tucomarca.com\/wordpress\/segunda\/wp-json\/wp\/v2\/posts\/168801","targetHints":{"allow":["GET"]}}],"collection":[{"href":"https:\/\/www.tucomarca.com\/wordpress\/segunda\/wp-json\/wp\/v2\/posts"}],"about":[{"href":"https:\/\/www.tucomarca.com\/wordpress\/segunda\/wp-json\/wp\/v2\/types\/post"}],"author":[{"embeddable":true,"href":"https:\/\/www.tucomarca.com\/wordpress\/segunda\/wp-json\/wp\/v2\/users\/12"}],"replies":[{"embeddable":true,"href":"https:\/\/www.tucomarca.com\/wordpress\/segunda\/wp-json\/wp\/v2\/comments?post=168801"}],"version-history":[{"count":0,"href":"https:\/\/www.tucomarca.com\/wordpress\/segunda\/wp-json\/wp\/v2\/posts\/168801\/revisions"}],"wp:featuredmedia":[{"embeddable":true,"href":"https:\/\/www.tucomarca.com\/wordpress\/segunda\/wp-json\/wp\/v2\/media\/168807"}],"wp:attachment":[{"href":"https:\/\/www.tucomarca.com\/wordpress\/segunda\/wp-json\/wp\/v2\/media?parent=168801"}],"wp:term":[{"taxonomy":"category","embeddable":true,"href":"https:\/\/www.tucomarca.com\/wordpress\/segunda\/wp-json\/wp\/v2\/categories?post=168801"},{"taxonomy":"post_tag","embeddable":true,"href":"https:\/\/www.tucomarca.com\/wordpress\/segunda\/wp-json\/wp\/v2\/tags?post=168801"}],"curies":[{"name":"wp","href":"https:\/\/api.w.org\/{rel}","templated":true}]}}