{"id":168835,"date":"2022-09-29T14:05:00","date_gmt":"2022-09-29T12:05:00","guid":{"rendered":"https:\/\/www.tucomarca.com\/wordpress\/segunda\/?p=168835"},"modified":"2022-09-29T22:16:57","modified_gmt":"2022-09-29T20:16:57","slug":"turis-celebra-la-fiesta-de-san-francisco-de-borja-que-dara-fin-al-ano-jubilar","status":"publish","type":"post","link":"https:\/\/www.tucomarca.com\/wordpress\/segunda\/turis-celebra-la-fiesta-de-san-francisco-de-borja-que-dara-fin-al-ano-jubilar\/","title":{"rendered":"Tur\u00eds celebra la fiesta de san Francisco de Borja que dar\u00e1 fin al A\u00f1o Jubilar"},"content":{"rendered":"\n<p><strong>Se han preparado actividades de todo tipo y para todas las edades, en cuyo centro est\u00e1n las celebraciones religiosas.<\/strong><\/p>\n\n\n\n<p>El pr\u00f3ximo domingo 2 de octubre la localidad de Tur\u00eds celebra la fiesta de san Francisco de Borja, a las 12h tendr\u00e1 lugar la misa solemne que dar\u00e1 fin al A\u00f1o Jubilar, y por la tarde a las 20h tendr\u00e1 lugar la procesi\u00f3n, en la cual se cerrar\u00e1 la Puerta Santa.&nbsp;<\/p>\n\n\n\n<p>Durante cinco d\u00edas la poblaci\u00f3n se ha venido preparando con diversas celebraciones. La fiesta arranco el pasado s\u00e1bado 24 de septiembre con la imposici\u00f3n de medallas a los clavarios de este a\u00f1o 2022. Ya el lunes 26 comenz\u00f3 el quinario en honor a san Francisco de Borja que continuar\u00e1 hasta el viernes 30 de septiembre. Durante estos d\u00edas la imagen tambi\u00e9n ha sido llevada por los clavarios de san Francisco de Borja a diversos lugares de la localidad, entre ellos a la calle que lleva el nombre del santo, san Francisco de Borja, o a la zona conocida como la \u201cpuxarra\u201d o el \u201cp\u00ed gros\u201d, as\u00ed como otra zona conocida como la \u201cglorieta\u201d.&nbsp;<\/p>\n\n\n\n<p>El viernes 30 de septiembre arrancan los festejos del fin de semana. Los clavarios han organizado el tradicional concurso de jaranga, plato t\u00edpico de la localidad turisana, y ya el s\u00e1bado hay un sinf\u00edn de actividades tanto para ni\u00f1os, como adultos y j\u00f3venes, celebr\u00e1ndose a las 19h las v\u00edsperas en honor al Santo Bar\u00f3n de Tur\u00eds. Todas estas celebraciones han sido gracias a la voluntad de los clavarios del a\u00f1o 2022, un grupo de j\u00f3venes que ha permanecido esperando poder realizar las fiestas a causa del covid, y que como recompensa han tenido el gran regalo de poder hacerlo en un A\u00f1o Jubilar.&nbsp;<\/p>\n\n\n\n<p>El domingo 2 de octubre se vivir\u00e1 la jornada de clausura del A\u00f1o Jubilar y la fiesta grande del patrono de la localidad. El balance que hace la Parroquia de este A\u00f1o Santo es m\u00e1s que satisfactorio. Recordemos que el Papa Francisco a petici\u00f3n del Arzobispo de Valencia, el Cardenal Antonio Ca\u00f1izares Llovera, concedi\u00f3 un A\u00f1o Jubilar a la archidi\u00f3cesis valentina, y que la parroquia de Tur\u00eds, entre otras, fue declarada templo jubilar. Esto se debe a que en este a\u00f1o se han celebrado 350 a\u00f1os de la canonizaci\u00f3n y 450 de la muerte de san Francisco de Borja. La Parroquia turisana durante este a\u00f1o ha venido celebrando diversas actividades, entre ellas las m\u00e1s destacadas han sido las conferencias realizadas, o las salidas que ha realizado la imagen a diversos puntos de la localidad. Sin embargo, el signo visible que permanecer\u00e1 para siempre es la obtenci\u00f3n de una reliquia de primer grado, el trozo de un hueso del Santo Borja, y que fue donada a la Parroquia por un vecino de Picassent hijo de Tur\u00eds.&nbsp;<\/p>\n","protected":false},"excerpt":{"rendered":"<div class=\"mh-excerpt\">Se han preparado actividades de todo tipo y para todas las edades, en cuyo centro est\u00e1n las celebraciones religiosas. El pr\u00f3ximo domingo 2 de octubre la localidad de Tur\u00eds celebra la fiesta de san Francisco <a class=\"mh-excerpt-more\" href=\"https:\/\/www.tucomarca.com\/wordpress\/segunda\/turis-celebra-la-fiesta-de-san-francisco-de-borja-que-dara-fin-al-ano-jubilar\/\" title=\"Tur\u00eds celebra la fiesta de san Francisco de Borja que dar\u00e1 fin al A\u00f1o Jubilar\">[+] <\/a><\/div>\n","protected":false},"author":12,"featured_media":168836,"comment_status":"open","ping_status":"open","sticky":false,"template":"","format":"standard","meta":{"footnotes":""},"categories":[42,5,7,383,3,43],"tags":[3665,3640,10394],"class_list":{"0":"post-168835","1":"post","2":"type-post","3":"status-publish","4":"format-standard","5":"has-post-thumbnail","7":"category-la-ribera","8":"category-la-semana-en-imagenes","9":"category-ocio-y-cultura","10":"category-pueblos-en-fiestas","11":"category-seccion","12":"category-turis","13":"tag-fiestas-patronales","14":"tag-la-ribera-alta","15":"tag-turis"},"_links":{"self":[{"href":"https:\/\/www.tucomarca.com\/wordpress\/segunda\/wp-json\/wp\/v2\/posts\/168835","targetHints":{"allow":["GET"]}}],"collection":[{"href":"https:\/\/www.tucomarca.com\/wordpress\/segunda\/wp-json\/wp\/v2\/posts"}],"about":[{"href":"https:\/\/www.tucomarca.com\/wordpress\/segunda\/wp-json\/wp\/v2\/types\/post"}],"author":[{"embeddable":true,"href":"https:\/\/www.tucomarca.com\/wordpress\/segunda\/wp-json\/wp\/v2\/users\/12"}],"replies":[{"embeddable":true,"href":"https:\/\/www.tucomarca.com\/wordpress\/segunda\/wp-json\/wp\/v2\/comments?post=168835"}],"version-history":[{"count":0,"href":"https:\/\/www.tucomarca.com\/wordpress\/segunda\/wp-json\/wp\/v2\/posts\/168835\/revisions"}],"wp:featuredmedia":[{"embeddable":true,"href":"https:\/\/www.tucomarca.com\/wordpress\/segunda\/wp-json\/wp\/v2\/media\/168836"}],"wp:attachment":[{"href":"https:\/\/www.tucomarca.com\/wordpress\/segunda\/wp-json\/wp\/v2\/media?parent=168835"}],"wp:term":[{"taxonomy":"category","embeddable":true,"href":"https:\/\/www.tucomarca.com\/wordpress\/segunda\/wp-json\/wp\/v2\/categories?post=168835"},{"taxonomy":"post_tag","embeddable":true,"href":"https:\/\/www.tucomarca.com\/wordpress\/segunda\/wp-json\/wp\/v2\/tags?post=168835"}],"curies":[{"name":"wp","href":"https:\/\/api.w.org\/{rel}","templated":true}]}}