{"id":168841,"date":"2022-09-30T09:15:00","date_gmt":"2022-09-30T07:15:00","guid":{"rendered":"https:\/\/www.tucomarca.com\/wordpress\/segunda\/?p=168841"},"modified":"2022-09-30T10:51:49","modified_gmt":"2022-09-30T08:51:49","slug":"el-ayuntamiento-inicia-el-pago-de-150-000-euros-en-ayudas-a-los-negocios-de-cheste","status":"publish","type":"post","link":"https:\/\/www.tucomarca.com\/wordpress\/segunda\/el-ayuntamiento-inicia-el-pago-de-150-000-euros-en-ayudas-a-los-negocios-de-cheste\/","title":{"rendered":"El Ayuntamiento inicia el pago de 150.000 euros en ayudas a los negocios de Cheste"},"content":{"rendered":"\n<p>Ya se ha iniciado el pago a las personas beneficiarias de las ayudas a aut\u00f3nomos y aut\u00f3nomas de la localidad enmarcadas en el Plan Impulsa, un programa municipal de apoyo a los negocios locales cuyas bases se publicaron el pasado mes de diciembre. La partida destinada a este Plan es de 300.000 euros, pero en esta primera fase se van a&nbsp; abonar 150.000 euros, quedando pendiente el resto del importe para un nuevo reparto entre las personas beneficiarias. Concretamente cada solicitud aprobada recibir\u00e1 1.500 euros.<\/p>\n\n\n\n<p>Como requisito para optar a estas ayudas, las personas aut\u00f3nomas o pymes que se presentaron a la convocatoria ten\u00edan que tener un m\u00e1ximo de 10 trabajadores\/as a su cargo y desarrollar algunas de las actividades estipuladas en las bases.&nbsp;<\/p>\n\n\n\n<p>\u201cEsta nueva tanda de ayudas son una continuaci\u00f3n de las ayudas que se sacaron en 2020 a propuesta de la concejal\u00eda de Empleo y que ya se repartieron. Despu\u00e9s present\u00e9 a Pleno m\u00e1s apoyo econ\u00f3mico para los aut\u00f3nomos de Cheste y se materializ\u00f3 esta convocatoria del plan Impulsa, dotado de 300.000 euros\u201d, explica el concejal de Empleo, Jos\u00e9 Vicente Guijarro. \u201cComo concejal de Empleo he defendido la necesidad de continuar colaborando con las empresas locales en esta situaci\u00f3n de crisis. El esfuerzo que est\u00e1 haciendo el Ayuntamiento para ofrecer ayudas est\u00e1 siendo abismal; hemos conseguido intentar paliar los meses tan terribles que se vivieron durante el confinamiento a nivel econ\u00f3mico y tambi\u00e9n, dentro de las limitaciones presupuestarias a nivel municipal, que las ayudas vayan llegando. Por otra parte, se han destinado 250.000 euros para contrataci\u00f3n temporal, de manera que hemos ido supliendo la falta de personal con estas contrataciones a personas desempleadas\u201d.<\/p>\n\n\n\n<p>\u201cYa rozamos el mill\u00f3n de euros en ayudas municipales destinadas a los negocios locales, el Plan Impulsa es la quinta tanda de subvenciones que hemos puesto en marcha desde el Ayuntamiento\u201d, ha apuntado el alcalde, Jos\u00e9 Morell. \u201cEste plan se ide\u00f3 para apoyar a las peque\u00f1as empresas de Cheste ante las consecuencias negativas de la pandemia, pero dada la situaci\u00f3n actual de crisis pensamos que siguen siendo igual de necesarias\u201d.<\/p>\n\n\n\n<p>La resoluci\u00f3n de la convocatoria fue publicada el pasado 15 de septiembre en el tabl\u00f3n de anuncios de la sede electr\u00f3nica del Ayuntamiento y tambi\u00e9n se puede consultar en la web municipal, junto a las bases.<\/p>\n","protected":false},"excerpt":{"rendered":"<div class=\"mh-excerpt\">Ya se ha iniciado el pago a las personas beneficiarias de las ayudas a aut\u00f3nomos y aut\u00f3nomas de la localidad enmarcadas en el Plan Impulsa, un programa municipal de apoyo a los negocios locales cuyas <a class=\"mh-excerpt-more\" href=\"https:\/\/www.tucomarca.com\/wordpress\/segunda\/el-ayuntamiento-inicia-el-pago-de-150-000-euros-en-ayudas-a-los-negocios-de-cheste\/\" title=\"El Ayuntamiento inicia el pago de 150.000 euros en ayudas a los negocios de Cheste\">[+] <\/a><\/div>\n","protected":false},"author":12,"featured_media":62235,"comment_status":"open","ping_status":"open","sticky":false,"template":"","format":"standard","meta":{"footnotes":""},"categories":[17,128,8,10,142,3],"tags":[339,10412,5952],"class_list":{"0":"post-168841","1":"post","2":"type-post","3":"status-publish","4":"format-standard","5":"has-post-thumbnail","7":"category-cheste","8":"category-infraestructuras","9":"category-la-comarca","10":"category-la-hoya","11":"category-politica-la-comarca","12":"category-seccion","13":"tag-cheste-2","14":"tag-infraestructuras","15":"tag-la-hoya-de-bunol-chiva"},"_links":{"self":[{"href":"https:\/\/www.tucomarca.com\/wordpress\/segunda\/wp-json\/wp\/v2\/posts\/168841","targetHints":{"allow":["GET"]}}],"collection":[{"href":"https:\/\/www.tucomarca.com\/wordpress\/segunda\/wp-json\/wp\/v2\/posts"}],"about":[{"href":"https:\/\/www.tucomarca.com\/wordpress\/segunda\/wp-json\/wp\/v2\/types\/post"}],"author":[{"embeddable":true,"href":"https:\/\/www.tucomarca.com\/wordpress\/segunda\/wp-json\/wp\/v2\/users\/12"}],"replies":[{"embeddable":true,"href":"https:\/\/www.tucomarca.com\/wordpress\/segunda\/wp-json\/wp\/v2\/comments?post=168841"}],"version-history":[{"count":0,"href":"https:\/\/www.tucomarca.com\/wordpress\/segunda\/wp-json\/wp\/v2\/posts\/168841\/revisions"}],"wp:featuredmedia":[{"embeddable":true,"href":"https:\/\/www.tucomarca.com\/wordpress\/segunda\/wp-json\/wp\/v2\/media\/62235"}],"wp:attachment":[{"href":"https:\/\/www.tucomarca.com\/wordpress\/segunda\/wp-json\/wp\/v2\/media?parent=168841"}],"wp:term":[{"taxonomy":"category","embeddable":true,"href":"https:\/\/www.tucomarca.com\/wordpress\/segunda\/wp-json\/wp\/v2\/categories?post=168841"},{"taxonomy":"post_tag","embeddable":true,"href":"https:\/\/www.tucomarca.com\/wordpress\/segunda\/wp-json\/wp\/v2\/tags?post=168841"}],"curies":[{"name":"wp","href":"https:\/\/api.w.org\/{rel}","templated":true}]}}