{"id":16885,"date":"2013-07-31T19:03:44","date_gmt":"2013-07-31T16:03:44","guid":{"rendered":"http:\/\/www.tucomarca.com\/wordpress\/segunda\/?p=16885"},"modified":"2013-07-31T19:03:44","modified_gmt":"2013-07-31T16:03:44","slug":"un-hombre-de-84-anos-fallece-al-volcar-su-tractor-en-venta-del-moro","status":"publish","type":"post","link":"https:\/\/www.tucomarca.com\/wordpress\/segunda\/un-hombre-de-84-anos-fallece-al-volcar-su-tractor-en-venta-del-moro\/","title":{"rendered":"Un hombre de 84 a\u00f1os fallece al volcar su tractor en Venta del Moro"},"content":{"rendered":"<h1><span style=\"font-size: 13px; font-weight: normal;\">Un hombre de 84 a\u00f1os de edad ha fallecido hoy al volcar el tractor que conduc\u00eda en la localidad de Venta del Moro, en el interior de la provincia, seg\u00fan ha informado el Consorcio Provincial de Bomberos y el Centro de Informaci\u00f3n y Coordinaci\u00f3n de Urgencias (CICU).<\/span><\/h1>\n<div>El accidente se ha producido alrededor de las 13,30 horas en la carretera CV-475 por causas que no han sido determinadas.\u00a0Al lugar se han desplazado bomberos de Requena y una ambulancia Samu, que han confirmado el fallecimiento, y ha sido requerida la presencia del juez de paz para excarcelar a la v\u00edctima, seg\u00fan han informado las mismas fuentes.<\/div>\n<p>&nbsp;<\/p>\n","protected":false},"excerpt":{"rendered":"<div class=\"mh-excerpt\">Un hombre de 84 a\u00f1os de edad ha fallecido hoy al volcar el tractor que conduc\u00eda en la localidad de Venta del Moro, en el interior de la provincia, seg\u00fan ha informado el Consorcio Provincial <a class=\"mh-excerpt-more\" href=\"https:\/\/www.tucomarca.com\/wordpress\/segunda\/un-hombre-de-84-anos-fallece-al-volcar-su-tractor-en-venta-del-moro\/\" title=\"Un hombre de 84 a\u00f1os fallece al volcar su tractor en Venta del Moro\">[+] <\/a><\/div>\n","protected":false},"author":1,"featured_media":0,"comment_status":"open","ping_status":"open","sticky":false,"template":"","format":"standard","meta":{"footnotes":""},"categories":[8,27,3,116,234],"tags":[],"class_list":{"0":"post-16885","1":"post","2":"type-post","3":"status-publish","4":"format-standard","6":"category-la-comarca","7":"category-requena-utiel","8":"category-seccion","9":"category-sucesos-la-comarca","10":"category-venta-del-moro"},"_links":{"self":[{"href":"https:\/\/www.tucomarca.com\/wordpress\/segunda\/wp-json\/wp\/v2\/posts\/16885","targetHints":{"allow":["GET"]}}],"collection":[{"href":"https:\/\/www.tucomarca.com\/wordpress\/segunda\/wp-json\/wp\/v2\/posts"}],"about":[{"href":"https:\/\/www.tucomarca.com\/wordpress\/segunda\/wp-json\/wp\/v2\/types\/post"}],"author":[{"embeddable":true,"href":"https:\/\/www.tucomarca.com\/wordpress\/segunda\/wp-json\/wp\/v2\/users\/1"}],"replies":[{"embeddable":true,"href":"https:\/\/www.tucomarca.com\/wordpress\/segunda\/wp-json\/wp\/v2\/comments?post=16885"}],"version-history":[{"count":0,"href":"https:\/\/www.tucomarca.com\/wordpress\/segunda\/wp-json\/wp\/v2\/posts\/16885\/revisions"}],"wp:attachment":[{"href":"https:\/\/www.tucomarca.com\/wordpress\/segunda\/wp-json\/wp\/v2\/media?parent=16885"}],"wp:term":[{"taxonomy":"category","embeddable":true,"href":"https:\/\/www.tucomarca.com\/wordpress\/segunda\/wp-json\/wp\/v2\/categories?post=16885"},{"taxonomy":"post_tag","embeddable":true,"href":"https:\/\/www.tucomarca.com\/wordpress\/segunda\/wp-json\/wp\/v2\/tags?post=16885"}],"curies":[{"name":"wp","href":"https:\/\/api.w.org\/{rel}","templated":true}]}}