{"id":168868,"date":"2022-09-30T13:05:00","date_gmt":"2022-09-30T11:05:00","guid":{"rendered":"https:\/\/www.tucomarca.com\/wordpress\/segunda\/?p=168868"},"modified":"2022-09-30T14:56:29","modified_gmt":"2022-09-30T12:56:29","slug":"el-ayuntamiento-de-bunol-celebra-un-pleno-extraordinario-monografico-sobre-el-derrumbe-de-la-calle-moratin","status":"publish","type":"post","link":"https:\/\/www.tucomarca.com\/wordpress\/segunda\/el-ayuntamiento-de-bunol-celebra-un-pleno-extraordinario-monografico-sobre-el-derrumbe-de-la-calle-moratin\/","title":{"rendered":"El Ayuntamiento de Bu\u00f1ol celebra un pleno extraordinario monogr\u00e1fico sobre el derrumbe de la calle Morat\u00edn"},"content":{"rendered":"\n<figure class=\"wp-block-gallery has-nested-images columns-2 is-cropped wp-block-gallery-1 is-layout-flex wp-block-gallery-is-layout-flex\">\n<figure class=\"wp-block-image size-large\"><img loading=\"lazy\" decoding=\"async\" width=\"2048\" height=\"2048\" data-id=\"168880\" src=\"https:\/\/www.tucomarca.com\/wordpress\/segunda\/wp-content\/uploads\/2022\/09\/PlenoMoratin06.jpg\" alt=\"\" class=\"wp-image-168880\" srcset=\"https:\/\/www.tucomarca.com\/wordpress\/segunda\/wp-content\/uploads\/2022\/09\/PlenoMoratin06.jpg 2048w, https:\/\/www.tucomarca.com\/wordpress\/segunda\/wp-content\/uploads\/2022\/09\/PlenoMoratin06-300x300.jpg 300w, https:\/\/www.tucomarca.com\/wordpress\/segunda\/wp-content\/uploads\/2022\/09\/PlenoMoratin06-1024x1024.jpg 1024w, https:\/\/www.tucomarca.com\/wordpress\/segunda\/wp-content\/uploads\/2022\/09\/PlenoMoratin06-290x290.jpg 290w, https:\/\/www.tucomarca.com\/wordpress\/segunda\/wp-content\/uploads\/2022\/09\/PlenoMoratin06-768x768.jpg 768w, https:\/\/www.tucomarca.com\/wordpress\/segunda\/wp-content\/uploads\/2022\/09\/PlenoMoratin06-1536x1536.jpg 1536w\" sizes=\"auto, (max-width: 2048px) 100vw, 2048px\" \/><\/figure>\n\n\n\n<figure class=\"wp-block-image size-large\"><img loading=\"lazy\" decoding=\"async\" width=\"2048\" height=\"2048\" data-id=\"168882\" src=\"https:\/\/www.tucomarca.com\/wordpress\/segunda\/wp-content\/uploads\/2022\/09\/PlenoMoratin07.jpg\" alt=\"\" class=\"wp-image-168882\" srcset=\"https:\/\/www.tucomarca.com\/wordpress\/segunda\/wp-content\/uploads\/2022\/09\/PlenoMoratin07.jpg 2048w, https:\/\/www.tucomarca.com\/wordpress\/segunda\/wp-content\/uploads\/2022\/09\/PlenoMoratin07-300x300.jpg 300w, https:\/\/www.tucomarca.com\/wordpress\/segunda\/wp-content\/uploads\/2022\/09\/PlenoMoratin07-1024x1024.jpg 1024w, https:\/\/www.tucomarca.com\/wordpress\/segunda\/wp-content\/uploads\/2022\/09\/PlenoMoratin07-290x290.jpg 290w, https:\/\/www.tucomarca.com\/wordpress\/segunda\/wp-content\/uploads\/2022\/09\/PlenoMoratin07-768x768.jpg 768w, https:\/\/www.tucomarca.com\/wordpress\/segunda\/wp-content\/uploads\/2022\/09\/PlenoMoratin07-1536x1536.jpg 1536w\" sizes=\"auto, (max-width: 2048px) 100vw, 2048px\" \/><\/figure>\n\n\n\n<figure class=\"wp-block-image size-large\"><img loading=\"lazy\" decoding=\"async\" width=\"2048\" height=\"2048\" data-id=\"168870\" src=\"https:\/\/www.tucomarca.com\/wordpress\/segunda\/wp-content\/uploads\/2022\/09\/PlenoMoratin01.jpg\" alt=\"\" class=\"wp-image-168870\" srcset=\"https:\/\/www.tucomarca.com\/wordpress\/segunda\/wp-content\/uploads\/2022\/09\/PlenoMoratin01.jpg 2048w, https:\/\/www.tucomarca.com\/wordpress\/segunda\/wp-content\/uploads\/2022\/09\/PlenoMoratin01-300x300.jpg 300w, https:\/\/www.tucomarca.com\/wordpress\/segunda\/wp-content\/uploads\/2022\/09\/PlenoMoratin01-1024x1024.jpg 1024w, https:\/\/www.tucomarca.com\/wordpress\/segunda\/wp-content\/uploads\/2022\/09\/PlenoMoratin01-290x290.jpg 290w, https:\/\/www.tucomarca.com\/wordpress\/segunda\/wp-content\/uploads\/2022\/09\/PlenoMoratin01-768x768.jpg 768w, https:\/\/www.tucomarca.com\/wordpress\/segunda\/wp-content\/uploads\/2022\/09\/PlenoMoratin01-1536x1536.jpg 1536w\" sizes=\"auto, (max-width: 2048px) 100vw, 2048px\" \/><\/figure>\n\n\n\n<figure class=\"wp-block-image size-large\"><img loading=\"lazy\" decoding=\"async\" width=\"2048\" height=\"2048\" data-id=\"168872\" src=\"https:\/\/www.tucomarca.com\/wordpress\/segunda\/wp-content\/uploads\/2022\/09\/PlenoMoratin02.jpg\" alt=\"\" class=\"wp-image-168872\" srcset=\"https:\/\/www.tucomarca.com\/wordpress\/segunda\/wp-content\/uploads\/2022\/09\/PlenoMoratin02.jpg 2048w, https:\/\/www.tucomarca.com\/wordpress\/segunda\/wp-content\/uploads\/2022\/09\/PlenoMoratin02-300x300.jpg 300w, https:\/\/www.tucomarca.com\/wordpress\/segunda\/wp-content\/uploads\/2022\/09\/PlenoMoratin02-1024x1024.jpg 1024w, https:\/\/www.tucomarca.com\/wordpress\/segunda\/wp-content\/uploads\/2022\/09\/PlenoMoratin02-290x290.jpg 290w, https:\/\/www.tucomarca.com\/wordpress\/segunda\/wp-content\/uploads\/2022\/09\/PlenoMoratin02-768x768.jpg 768w, https:\/\/www.tucomarca.com\/wordpress\/segunda\/wp-content\/uploads\/2022\/09\/PlenoMoratin02-1536x1536.jpg 1536w\" sizes=\"auto, (max-width: 2048px) 100vw, 2048px\" \/><\/figure>\n\n\n\n<figure class=\"wp-block-image size-large\"><img loading=\"lazy\" decoding=\"async\" width=\"2048\" height=\"2048\" data-id=\"168876\" src=\"https:\/\/www.tucomarca.com\/wordpress\/segunda\/wp-content\/uploads\/2022\/09\/PlenoMoratin04.jpg\" alt=\"\" class=\"wp-image-168876\" srcset=\"https:\/\/www.tucomarca.com\/wordpress\/segunda\/wp-content\/uploads\/2022\/09\/PlenoMoratin04.jpg 2048w, https:\/\/www.tucomarca.com\/wordpress\/segunda\/wp-content\/uploads\/2022\/09\/PlenoMoratin04-300x300.jpg 300w, https:\/\/www.tucomarca.com\/wordpress\/segunda\/wp-content\/uploads\/2022\/09\/PlenoMoratin04-1024x1024.jpg 1024w, https:\/\/www.tucomarca.com\/wordpress\/segunda\/wp-content\/uploads\/2022\/09\/PlenoMoratin04-290x290.jpg 290w, https:\/\/www.tucomarca.com\/wordpress\/segunda\/wp-content\/uploads\/2022\/09\/PlenoMoratin04-768x768.jpg 768w, https:\/\/www.tucomarca.com\/wordpress\/segunda\/wp-content\/uploads\/2022\/09\/PlenoMoratin04-1536x1536.jpg 1536w\" sizes=\"auto, (max-width: 2048px) 100vw, 2048px\" \/><\/figure>\n\n\n\n<figure class=\"wp-block-image size-large\"><img loading=\"lazy\" decoding=\"async\" width=\"2048\" height=\"2048\" data-id=\"168874\" src=\"https:\/\/www.tucomarca.com\/wordpress\/segunda\/wp-content\/uploads\/2022\/09\/PlenoMoratin03.jpg\" alt=\"\" class=\"wp-image-168874\" srcset=\"https:\/\/www.tucomarca.com\/wordpress\/segunda\/wp-content\/uploads\/2022\/09\/PlenoMoratin03.jpg 2048w, https:\/\/www.tucomarca.com\/wordpress\/segunda\/wp-content\/uploads\/2022\/09\/PlenoMoratin03-300x300.jpg 300w, https:\/\/www.tucomarca.com\/wordpress\/segunda\/wp-content\/uploads\/2022\/09\/PlenoMoratin03-1024x1024.jpg 1024w, https:\/\/www.tucomarca.com\/wordpress\/segunda\/wp-content\/uploads\/2022\/09\/PlenoMoratin03-290x290.jpg 290w, https:\/\/www.tucomarca.com\/wordpress\/segunda\/wp-content\/uploads\/2022\/09\/PlenoMoratin03-768x768.jpg 768w, https:\/\/www.tucomarca.com\/wordpress\/segunda\/wp-content\/uploads\/2022\/09\/PlenoMoratin03-1536x1536.jpg 1536w\" sizes=\"auto, (max-width: 2048px) 100vw, 2048px\" \/><\/figure>\n<\/figure>\n\n\n\n<p>El Ayuntamiento de Bu\u00f1ol celebr\u00f3 ayer un pleno extraordinario monogr\u00e1fico sobre la situaci\u00f3n de la calle Morat\u00edn tras el derrumbe de un muro del pasado 31 de agosto que oblig\u00f3 a desalojar a los vecinos de seis casas.<\/p>\n\n\n\n<p>La alcaldesa de Bu\u00f1ol, Juncal Carrascosa, explic\u00f3 la cronolog\u00eda de todo lo sucedido, de cada medida t\u00e9cnica, de reuniones con otras administraciones para solicitar ayudas y de la ayuda prestada d\u00eda a d\u00eda a los vecinos.<\/p>\n\n\n\n<p>Juncal Carrascosa insisti\u00f3 en que el ayuntamiento \u201cha puesto todos sus medios desde el primer minuto, de los t\u00e9cnicos, de la brigada y de la polic\u00eda local, y despu\u00e9s de todo el \u00e1rea de contrataci\u00f3n para llevar a cabo las obras necesarias por urgencia\u201d. Explic\u00f3 c\u00f3mo se realoj\u00f3 a los vecinos, las reuniones e informes que se han elevado a Diputaci\u00f3n de Valencia, Generalitat Valenciana y Gobierno de Espa\u00f1a para solicitar la ayuda econ\u00f3mica necesaria para afrontar las obras.<\/p>\n\n\n\n<p>La alcaldesa relat\u00f3 cada paso dado por arquitectos, ingenieros, t\u00e9cnicos de riesgos geol\u00f3gicos de la Diputaci\u00f3n y la direcci\u00f3n de obra ya contratada, y anunci\u00f3 que el lunes habr\u00e1 una nueva reuni\u00f3n de los vecinos en la que participar\u00e1 el ingeniero para informarles de los trabajos que se van a desarrollar.<\/p>\n\n\n\n<p>En el mismo pleno compareci\u00f3 Rafa P\u00e9rez, concejal de Urbanismo, quien asegur\u00f3 que \u201cnadie pod\u00eda prever que el derrumbe iba a ocurrir\u201d, y explic\u00f3 de manera gr\u00e1fica las obras que se van a acometer para asentar el muro, y hacer m\u00e1s amplia la Calle Morat\u00edn y eliminar los riesgos de nuevos derrumbes. Ser\u00e1n cerca de 700.000 euros de coste de las obras, unos trabajos que asegur\u00f3 que \u201cestar\u00e1n vivos continuamente, en el sentido de que puede haber cambios en cada momento seg\u00fan las circunstancias que se vayan encontrando\u201d.<\/p>\n\n\n\n<p>Juncal Carrascosa anunci\u00f3 una comisi\u00f3n informativa para hacer un seguimiento de todo lo que acontezca, y Rafa P\u00e9rez asegur\u00f3 que se van a pedir los informes t\u00e9cnicos necesarios para saber las causas del derrumbe, que hoy d\u00eda se desconocen a ciencia cierta.<\/p>\n\n\n\n<p>El Ayuntamiento de Bu\u00f1ol har\u00e1 una valoraci\u00f3n de las viviendas en cuanto se pueda acceder para ver posibles da\u00f1os estructurales. Las obras durar\u00e1n en torno a tres meses, la calle pasar\u00e1 de 3,7 metros de ancho a 7,8 metros, y al final de la calle habr\u00e1 un estrechamiento a los 6,5 metros.<\/p>\n\n\n\n<p><strong>Participaci\u00f3n<\/strong><\/p>\n\n\n\n<p>Tanto la oposici\u00f3n como los vecinos de la Calle Morat\u00edn, del castillo y la Asociaci\u00f3n de vecinos y amigos del barrio antiguo de Bu\u00f1ol participaron en este pleno dando su opini\u00f3n, exponiendo sus dudas y peticiones.<\/p>\n","protected":false},"excerpt":{"rendered":"<div class=\"mh-excerpt\">El Ayuntamiento de Bu\u00f1ol celebr\u00f3 ayer un pleno extraordinario monogr\u00e1fico sobre la situaci\u00f3n de la calle Morat\u00edn tras el derrumbe de un muro del pasado 31 de agosto que oblig\u00f3 a desalojar a los vecinos <a class=\"mh-excerpt-more\" href=\"https:\/\/www.tucomarca.com\/wordpress\/segunda\/el-ayuntamiento-de-bunol-celebra-un-pleno-extraordinario-monografico-sobre-el-derrumbe-de-la-calle-moratin\/\" title=\"El Ayuntamiento de Bu\u00f1ol celebra un pleno extraordinario monogr\u00e1fico sobre el derrumbe de la calle Morat\u00edn\">[+] <\/a><\/div>\n","protected":false},"author":12,"featured_media":168878,"comment_status":"open","ping_status":"open","sticky":false,"template":"","format":"gallery","meta":{"footnotes":""},"categories":[18,128,8,10,142,3,116],"tags":[17930,5952,14226],"class_list":{"0":"post-168868","1":"post","2":"type-post","3":"status-publish","4":"format-gallery","5":"has-post-thumbnail","7":"category-bunol","8":"category-infraestructuras","9":"category-la-comarca","10":"category-la-hoya","11":"category-politica-la-comarca","12":"category-seccion","13":"category-sucesos-la-comarca","14":"tag-derrumbre-calle-moratin","15":"tag-la-hoya-de-bunol-chiva","16":"tag-pleno-de-bunol","17":"post_format-post-format-gallery"},"_links":{"self":[{"href":"https:\/\/www.tucomarca.com\/wordpress\/segunda\/wp-json\/wp\/v2\/posts\/168868","targetHints":{"allow":["GET"]}}],"collection":[{"href":"https:\/\/www.tucomarca.com\/wordpress\/segunda\/wp-json\/wp\/v2\/posts"}],"about":[{"href":"https:\/\/www.tucomarca.com\/wordpress\/segunda\/wp-json\/wp\/v2\/types\/post"}],"author":[{"embeddable":true,"href":"https:\/\/www.tucomarca.com\/wordpress\/segunda\/wp-json\/wp\/v2\/users\/12"}],"replies":[{"embeddable":true,"href":"https:\/\/www.tucomarca.com\/wordpress\/segunda\/wp-json\/wp\/v2\/comments?post=168868"}],"version-history":[{"count":0,"href":"https:\/\/www.tucomarca.com\/wordpress\/segunda\/wp-json\/wp\/v2\/posts\/168868\/revisions"}],"wp:featuredmedia":[{"embeddable":true,"href":"https:\/\/www.tucomarca.com\/wordpress\/segunda\/wp-json\/wp\/v2\/media\/168878"}],"wp:attachment":[{"href":"https:\/\/www.tucomarca.com\/wordpress\/segunda\/wp-json\/wp\/v2\/media?parent=168868"}],"wp:term":[{"taxonomy":"category","embeddable":true,"href":"https:\/\/www.tucomarca.com\/wordpress\/segunda\/wp-json\/wp\/v2\/categories?post=168868"},{"taxonomy":"post_tag","embeddable":true,"href":"https:\/\/www.tucomarca.com\/wordpress\/segunda\/wp-json\/wp\/v2\/tags?post=168868"}],"curies":[{"name":"wp","href":"https:\/\/api.w.org\/{rel}","templated":true}]}}