{"id":16887,"date":"2013-07-31T19:04:39","date_gmt":"2013-07-31T16:04:39","guid":{"rendered":"http:\/\/www.tucomarca.com\/wordpress\/segunda\/?p=16887"},"modified":"2013-07-31T19:04:39","modified_gmt":"2013-07-31T16:04:39","slug":"la-diputacion-evita-desprendimientos-de-roca-sobre-viviendas-de-turis","status":"publish","type":"post","link":"https:\/\/www.tucomarca.com\/wordpress\/segunda\/la-diputacion-evita-desprendimientos-de-roca-sobre-viviendas-de-turis\/","title":{"rendered":"La Diputaci\u00f3n evita desprendimientos de roca sobre viviendas de Tur\u00eds"},"content":{"rendered":"<p>La Diputaci\u00f3nde Valencia ha puesto en marcha una serie de obras para evitar desprendimientos en Tur\u00eds, en las inmediaciones de la calle Alzira. Las actuaciones de mejora, que cuentan con un presupuesto de 58.629,11 euros, \u201cgarantizar\u00e1n la seguridad de las viviendas pr\u00f3ximas a rocas inestables\u201d, ha explicado la alcaldesa de la localidad, Pilar Lozano.<\/p>\n<p>El diputado de Medio Ambiente, Salvador Enguix, ha visitado la localidad para inspeccionar la zona donde se realizar\u00e1n los trabajos de protecci\u00f3n de la ladera situada en el sureste del casco urbano de Tur\u00eds.<\/p>\n<p>Las obras de mejora \u201cse realizar\u00e1n porque el peligro en esta zona concretamente es importante. Se falcar\u00e1n las piedras que se encuentran en una posici\u00f3n m\u00e1s alta y se colocar\u00e1n vallas para que el peligro desaparezca\u201d, ha informado el diputado Enguix.<\/p>\n<p>&nbsp;<\/p>\n","protected":false},"excerpt":{"rendered":"<div class=\"mh-excerpt\">La Diputaci\u00f3nde Valencia ha puesto en marcha una serie de obras para evitar desprendimientos en Tur\u00eds, en las inmediaciones de la calle Alzira. Las actuaciones de mejora, que cuentan con un presupuesto de 58.629,11 euros, <a class=\"mh-excerpt-more\" href=\"https:\/\/www.tucomarca.com\/wordpress\/segunda\/la-diputacion-evita-desprendimientos-de-roca-sobre-viviendas-de-turis\/\" title=\"La Diputaci\u00f3n evita desprendimientos de roca sobre viviendas de Tur\u00eds\">[+] <\/a><\/div>\n","protected":false},"author":1,"featured_media":0,"comment_status":"open","ping_status":"open","sticky":false,"template":"","format":"standard","meta":{"footnotes":""},"categories":[128,8,42,3,43],"tags":[],"class_list":{"0":"post-16887","1":"post","2":"type-post","3":"status-publish","4":"format-standard","6":"category-infraestructuras","7":"category-la-comarca","8":"category-la-ribera","9":"category-seccion","10":"category-turis"},"_links":{"self":[{"href":"https:\/\/www.tucomarca.com\/wordpress\/segunda\/wp-json\/wp\/v2\/posts\/16887","targetHints":{"allow":["GET"]}}],"collection":[{"href":"https:\/\/www.tucomarca.com\/wordpress\/segunda\/wp-json\/wp\/v2\/posts"}],"about":[{"href":"https:\/\/www.tucomarca.com\/wordpress\/segunda\/wp-json\/wp\/v2\/types\/post"}],"author":[{"embeddable":true,"href":"https:\/\/www.tucomarca.com\/wordpress\/segunda\/wp-json\/wp\/v2\/users\/1"}],"replies":[{"embeddable":true,"href":"https:\/\/www.tucomarca.com\/wordpress\/segunda\/wp-json\/wp\/v2\/comments?post=16887"}],"version-history":[{"count":0,"href":"https:\/\/www.tucomarca.com\/wordpress\/segunda\/wp-json\/wp\/v2\/posts\/16887\/revisions"}],"wp:attachment":[{"href":"https:\/\/www.tucomarca.com\/wordpress\/segunda\/wp-json\/wp\/v2\/media?parent=16887"}],"wp:term":[{"taxonomy":"category","embeddable":true,"href":"https:\/\/www.tucomarca.com\/wordpress\/segunda\/wp-json\/wp\/v2\/categories?post=16887"},{"taxonomy":"post_tag","embeddable":true,"href":"https:\/\/www.tucomarca.com\/wordpress\/segunda\/wp-json\/wp\/v2\/tags?post=16887"}],"curies":[{"name":"wp","href":"https:\/\/api.w.org\/{rel}","templated":true}]}}