{"id":168905,"date":"2022-09-30T14:30:00","date_gmt":"2022-09-30T12:30:00","guid":{"rendered":"https:\/\/www.tucomarca.com\/wordpress\/segunda\/?p=168905"},"modified":"2022-09-30T18:23:59","modified_gmt":"2022-09-30T16:23:59","slug":"graffitea-cheste-recibe-la-visita-del-diputado-del-area-de-cultura-xavier-rius","status":"publish","type":"post","link":"https:\/\/www.tucomarca.com\/wordpress\/segunda\/graffitea-cheste-recibe-la-visita-del-diputado-del-area-de-cultura-xavier-rius\/","title":{"rendered":"Graffitea Cheste recibe la visita del diputado del \u00e1rea de Cultura, Xavier Rius"},"content":{"rendered":"\n<figure class=\"wp-block-gallery has-nested-images columns-default is-cropped wp-block-gallery-1 is-layout-flex wp-block-gallery-is-layout-flex\">\n<figure class=\"wp-block-image size-large\"><img loading=\"lazy\" decoding=\"async\" width=\"886\" height=\"591\" data-id=\"168917\" src=\"https:\/\/www.tucomarca.com\/wordpress\/segunda\/wp-content\/uploads\/2022\/09\/CHESTEGraffitea_VisitaRius6.jpg\" alt=\"\" class=\"wp-image-168917\" srcset=\"https:\/\/www.tucomarca.com\/wordpress\/segunda\/wp-content\/uploads\/2022\/09\/CHESTEGraffitea_VisitaRius6.jpg 886w, https:\/\/www.tucomarca.com\/wordpress\/segunda\/wp-content\/uploads\/2022\/09\/CHESTEGraffitea_VisitaRius6-300x200.jpg 300w, https:\/\/www.tucomarca.com\/wordpress\/segunda\/wp-content\/uploads\/2022\/09\/CHESTEGraffitea_VisitaRius6-768x512.jpg 768w\" sizes=\"auto, (max-width: 886px) 100vw, 886px\" \/><\/figure>\n\n\n\n<figure class=\"wp-block-image size-large\"><img loading=\"lazy\" decoding=\"async\" width=\"886\" height=\"591\" data-id=\"168915\" src=\"https:\/\/www.tucomarca.com\/wordpress\/segunda\/wp-content\/uploads\/2022\/09\/CHESTEGraffitea_VisitaRius5.jpg\" alt=\"\" class=\"wp-image-168915\" srcset=\"https:\/\/www.tucomarca.com\/wordpress\/segunda\/wp-content\/uploads\/2022\/09\/CHESTEGraffitea_VisitaRius5.jpg 886w, https:\/\/www.tucomarca.com\/wordpress\/segunda\/wp-content\/uploads\/2022\/09\/CHESTEGraffitea_VisitaRius5-300x200.jpg 300w, https:\/\/www.tucomarca.com\/wordpress\/segunda\/wp-content\/uploads\/2022\/09\/CHESTEGraffitea_VisitaRius5-768x512.jpg 768w\" sizes=\"auto, (max-width: 886px) 100vw, 886px\" \/><\/figure>\n\n\n\n<figure class=\"wp-block-image size-large\"><img loading=\"lazy\" decoding=\"async\" width=\"886\" height=\"591\" data-id=\"168919\" src=\"https:\/\/www.tucomarca.com\/wordpress\/segunda\/wp-content\/uploads\/2022\/09\/CHESTEGraffitea_VisitaRius7.jpg\" alt=\"\" class=\"wp-image-168919\" srcset=\"https:\/\/www.tucomarca.com\/wordpress\/segunda\/wp-content\/uploads\/2022\/09\/CHESTEGraffitea_VisitaRius7.jpg 886w, https:\/\/www.tucomarca.com\/wordpress\/segunda\/wp-content\/uploads\/2022\/09\/CHESTEGraffitea_VisitaRius7-300x200.jpg 300w, https:\/\/www.tucomarca.com\/wordpress\/segunda\/wp-content\/uploads\/2022\/09\/CHESTEGraffitea_VisitaRius7-768x512.jpg 768w\" sizes=\"auto, (max-width: 886px) 100vw, 886px\" \/><\/figure>\n\n\n\n<figure class=\"wp-block-image size-large\"><img loading=\"lazy\" decoding=\"async\" width=\"886\" height=\"591\" data-id=\"168913\" src=\"https:\/\/www.tucomarca.com\/wordpress\/segunda\/wp-content\/uploads\/2022\/09\/CHESTEGraffitea_VisitaRius4.jpg\" alt=\"\" class=\"wp-image-168913\" srcset=\"https:\/\/www.tucomarca.com\/wordpress\/segunda\/wp-content\/uploads\/2022\/09\/CHESTEGraffitea_VisitaRius4.jpg 886w, https:\/\/www.tucomarca.com\/wordpress\/segunda\/wp-content\/uploads\/2022\/09\/CHESTEGraffitea_VisitaRius4-300x200.jpg 300w, https:\/\/www.tucomarca.com\/wordpress\/segunda\/wp-content\/uploads\/2022\/09\/CHESTEGraffitea_VisitaRius4-768x512.jpg 768w\" sizes=\"auto, (max-width: 886px) 100vw, 886px\" \/><\/figure>\n\n\n\n<figure class=\"wp-block-image size-large\"><img loading=\"lazy\" decoding=\"async\" width=\"886\" height=\"591\" data-id=\"168911\" src=\"https:\/\/www.tucomarca.com\/wordpress\/segunda\/wp-content\/uploads\/2022\/09\/CHESTEGraffitea_VisitaRius3.jpg\" alt=\"\" class=\"wp-image-168911\" srcset=\"https:\/\/www.tucomarca.com\/wordpress\/segunda\/wp-content\/uploads\/2022\/09\/CHESTEGraffitea_VisitaRius3.jpg 886w, https:\/\/www.tucomarca.com\/wordpress\/segunda\/wp-content\/uploads\/2022\/09\/CHESTEGraffitea_VisitaRius3-300x200.jpg 300w, https:\/\/www.tucomarca.com\/wordpress\/segunda\/wp-content\/uploads\/2022\/09\/CHESTEGraffitea_VisitaRius3-768x512.jpg 768w\" sizes=\"auto, (max-width: 886px) 100vw, 886px\" \/><\/figure>\n\n\n\n<figure class=\"wp-block-image size-large\"><img loading=\"lazy\" decoding=\"async\" width=\"886\" height=\"591\" data-id=\"168909\" src=\"https:\/\/www.tucomarca.com\/wordpress\/segunda\/wp-content\/uploads\/2022\/09\/CHESTEGraffitea_VisitaRius2.jpg\" alt=\"\" class=\"wp-image-168909\" srcset=\"https:\/\/www.tucomarca.com\/wordpress\/segunda\/wp-content\/uploads\/2022\/09\/CHESTEGraffitea_VisitaRius2.jpg 886w, https:\/\/www.tucomarca.com\/wordpress\/segunda\/wp-content\/uploads\/2022\/09\/CHESTEGraffitea_VisitaRius2-300x200.jpg 300w, https:\/\/www.tucomarca.com\/wordpress\/segunda\/wp-content\/uploads\/2022\/09\/CHESTEGraffitea_VisitaRius2-768x512.jpg 768w\" sizes=\"auto, (max-width: 886px) 100vw, 886px\" \/><\/figure>\n<\/figure>\n\n\n\n<p>Esta ma\u00f1ana, la concejala de Cultura, M\u00aa \u00c1ngeles Llorente, ha recibido en Cheste al Diputado del \u00e1rea de Cultura en Valencia, Xavier Rius, para realizar un recorrido por algunos de los murales de Graffitea Cheste y dar a conocer <em>in situ <\/em>la trayectoria de este Festival Internacional de Arte Urbano. Durante la ruta, les han acompa\u00f1ado los concejales David Pujals y Jos\u00e9 Vicente Guijarro y el muralista valenciano y director del Festival, Jos\u00e9 Antonio Espinar.<\/p>\n\n\n\n<p>\u201cHace unos meses mantuvimos una reuni\u00f3n en Diputaci\u00f3n para dar a conocer Graffitea Cheste y de ah\u00ed surgi\u00f3 la idea de hacer esta visita. Agradecemos profundamente el apoyo del diputado de Cultura a esta apuesta cultural, que es muy importante para nosotros y que consideramos de gran valor, tanto cultural como educativo. Con estos murales Cheste no es el mismo que era antes; sin duda ha cambiado la est\u00e9tica del pueblo, que ahora cuenta con un nuevo atractivo cultural y que, adem\u00e1s, forma parte de la Red de Centros de&nbsp;Arte Contempor\u00e1neo&nbsp;en el Entorno Rural, promovida por la Agencia Valenciana de Turismo de la Generalitat Valenciana\u201d, ha explicado Llorente.<\/p>\n\n\n\n<p>Por su parte, Rius se ha mostrado sorprendido por la trayectoria de festival, por la gran cantidad de murales y su calidad art\u00edstica. \u201cEstoy sorprendido, porque adem\u00e1s de que todos los murales son de gran nivel, Cheste cuenta con una gran cantidad de ellos. Por otra parte, he podido ver c\u00f3mo con este proyecto se ha trabajado para vincular arte y educaci\u00f3n: hemos visitado las intervenciones art\u00edsticas que hay en el instituto y creo que es una maravilla que el alumnado tenga estos murales a la vista. Sin duda el proyecto cumple el objetivo de concienciaci\u00f3n y de estimular la imaginaci\u00f3n y el esp\u00edritu cr\u00edtico. Es un proyecto fabuloso del que Cheste tiene que estar orgulloso\u201d, ha manifestado.<\/p>\n\n\n\n<p>Graffitea Cheste cuenta con siete ediciones a las espaldas y desde la concejal\u00eda de Cultura del Ayuntamiento de Cheste ya se est\u00e1n realizando los preparativos de la octava, que se realizar\u00e1 en mayo de 2023. \u201cCuando M\u00aa \u00c1ngeles puso sobre la mesa todo lo que estaban haciendo con este festival de arte, quisimos venir a conocerlo en persona. Adem\u00e1s, desde la Diputaci\u00f3n nos comprometimos a estudiar la posibilidad de realizar un documental sobre el arte urbano, que esperamos poder poner en marcha el pr\u00f3ximo a\u00f1o\u201d, ha declarado el diputado. \u201cDesde la Diputaci\u00f3n siempre estamos con la expectativa puesta en aquellas iniciativas culturales, singulares y de \u00e9xito que sirvan de ejemplo y referencia para incentivar la originalidad y la imaginaci\u00f3n en las pol\u00edticas culturales de los ayuntamientos, como es el caso de Graffitea Cheste. Lo que busca la ciudadan\u00eda de un pueblo es estar orgullosa de algo que le identifique y, si es un aspecto cultural, mucho mejor; y tambi\u00e9n buscar un atractivo para los pueblos vecinos o para el turismo. En este sentido, este proyecto cultural ya est\u00e1 cogiendo una fuerza considerable y apunta a tener buena proyecci\u00f3n de futuro\u201d.&nbsp;<\/p>\n","protected":false},"excerpt":{"rendered":"<div class=\"mh-excerpt\">Esta ma\u00f1ana, la concejala de Cultura, M\u00aa \u00c1ngeles Llorente, ha recibido en Cheste al Diputado del \u00e1rea de Cultura en Valencia, Xavier Rius, para realizar un recorrido por algunos de los murales de Graffitea Cheste <a class=\"mh-excerpt-more\" href=\"https:\/\/www.tucomarca.com\/wordpress\/segunda\/graffitea-cheste-recibe-la-visita-del-diputado-del-area-de-cultura-xavier-rius\/\" title=\"Graffitea Cheste recibe la visita del diputado del \u00e1rea de Cultura, Xavier Rius\">[+] <\/a><\/div>\n","protected":false},"author":12,"featured_media":168907,"comment_status":"open","ping_status":"open","sticky":false,"template":"","format":"gallery","meta":{"footnotes":""},"categories":[17,8,10,7,92,142,3],"tags":[339,3677,16254,5952,9424],"class_list":{"0":"post-168905","1":"post","2":"type-post","3":"status-publish","4":"format-gallery","5":"has-post-thumbnail","7":"category-cheste","8":"category-la-comarca","9":"category-la-hoya","10":"category-ocio-y-cultura","11":"category-pintura","12":"category-politica-la-comarca","13":"category-seccion","14":"tag-cheste-2","15":"tag-diputacio-de-valencia","16":"tag-graffitea-2022","17":"tag-la-hoya-de-bunol-chiva","18":"tag-xavier-rius","19":"post_format-post-format-gallery"},"_links":{"self":[{"href":"https:\/\/www.tucomarca.com\/wordpress\/segunda\/wp-json\/wp\/v2\/posts\/168905","targetHints":{"allow":["GET"]}}],"collection":[{"href":"https:\/\/www.tucomarca.com\/wordpress\/segunda\/wp-json\/wp\/v2\/posts"}],"about":[{"href":"https:\/\/www.tucomarca.com\/wordpress\/segunda\/wp-json\/wp\/v2\/types\/post"}],"author":[{"embeddable":true,"href":"https:\/\/www.tucomarca.com\/wordpress\/segunda\/wp-json\/wp\/v2\/users\/12"}],"replies":[{"embeddable":true,"href":"https:\/\/www.tucomarca.com\/wordpress\/segunda\/wp-json\/wp\/v2\/comments?post=168905"}],"version-history":[{"count":0,"href":"https:\/\/www.tucomarca.com\/wordpress\/segunda\/wp-json\/wp\/v2\/posts\/168905\/revisions"}],"wp:featuredmedia":[{"embeddable":true,"href":"https:\/\/www.tucomarca.com\/wordpress\/segunda\/wp-json\/wp\/v2\/media\/168907"}],"wp:attachment":[{"href":"https:\/\/www.tucomarca.com\/wordpress\/segunda\/wp-json\/wp\/v2\/media?parent=168905"}],"wp:term":[{"taxonomy":"category","embeddable":true,"href":"https:\/\/www.tucomarca.com\/wordpress\/segunda\/wp-json\/wp\/v2\/categories?post=168905"},{"taxonomy":"post_tag","embeddable":true,"href":"https:\/\/www.tucomarca.com\/wordpress\/segunda\/wp-json\/wp\/v2\/tags?post=168905"}],"curies":[{"name":"wp","href":"https:\/\/api.w.org\/{rel}","templated":true}]}}