{"id":169054,"date":"2022-10-03T12:00:00","date_gmt":"2022-10-03T10:00:00","guid":{"rendered":"https:\/\/www.tucomarca.com\/wordpress\/segunda\/?p=169054"},"modified":"2022-10-03T16:37:31","modified_gmt":"2022-10-03T14:37:31","slug":"benaguasil-celebra-el-iv-medio-ano-fallero","status":"publish","type":"post","link":"https:\/\/www.tucomarca.com\/wordpress\/segunda\/benaguasil-celebra-el-iv-medio-ano-fallero\/","title":{"rendered":"Benaguasil celebra el IV Medio A\u00f1o Fallero"},"content":{"rendered":"\n<h4 class=\"wp-block-heading\">M\u00e1s de 800 falleros han participado en esta celebraci\u00f3n con la que se inicia la cuenta atr\u00e1s hacia las Fallas de 2023.<\/h4>\n\n\n\n<h4 class=\"wp-block-heading\">El colectivo fallero ha conmemorado el ecuador de la fiesta fallera en una jornada repleta de actividades para todas las edades.<\/h4>\n\n\n\n<p>El colectivo fallero de Benaguasil ha celebrado este fin de semana el Medio A\u00f1o Fallero. La cita congreg\u00f3 a m\u00e1s de 800 falleros y falleras que en una jornada de hermandad conmemoraron que s\u00f3lo faltan seis meses para las Fallas.&nbsp;<\/p>\n\n\n\n<p>La jornada, celebrada en la Avenida, se inici\u00f3 con hinchables y pintacaras para los m\u00e1s peque\u00f1os, todo ello animado por una batucada. Llegado el mediod\u00eda las comisiones participaron en el concurso de paellas, cuyo primer premio recay\u00f3 en Pili Queral, fallera de la comisi\u00f3n El Pilar.&nbsp;<\/p>\n\n\n\n<p>Posteriormente tuvo lugar una Globot\u00e0 en la que los ni\u00f1os explotaron alrededor de 800 globos, simulando una peque\u00f1a masclet\u00e0, y cuya orden de inicio fue dada por la presidenta de Junta Local Fallera, Pepa Cano y por las Falleras Mayores de Benaguasil, Monti Arru\u00e9 y Ainhoa Gramuntell.<\/p>\n\n\n\n<p>Tras la comida la tarde continu\u00f3 con el discurso de las Falleras Mayores, y un baile en el que participaron los m\u00e1ximos representantes de las 10 comisiones que tiene Benaguasil.<\/p>\n\n\n\n<p>La tarde continu\u00f3 con un tardeo, que se prolong\u00f3 hasta la noche, donde las falleras y falleros disfrutaron de un ambiente festivo y de cordialidad, poniendo el punto y final un castillo de fuegos artificiales.&nbsp;<\/p>\n\n\n\n<p>Los actos que, han sido organizados por la Junta Local Fallera, con la colaboraci\u00f3n del Ayuntamiento y las comisiones falleras, \u201chan sido todo un \u00e9xito por la implicaci\u00f3n de todas las fallas de Benaguasil\u201d, ha se\u00f1alado la concejal de Fallas, Ana Aleixandre, qui\u00e9n ha manifestado que \u201ceste acto marca el inicio del calendario fallero, al que le seguir\u00e1 el d\u00eda 29 de octubre la presentaci\u00f3n de las Falleras Mayores de Benaguasil\u201d.<\/p>\n\n\n\n<figure class=\"wp-block-gallery has-nested-images columns-default is-cropped wp-block-gallery-1 is-layout-flex wp-block-gallery-is-layout-flex\">\n<figure class=\"wp-block-image size-large\"><img loading=\"lazy\" decoding=\"async\" width=\"886\" height=\"665\" data-id=\"169058\" src=\"https:\/\/www.tucomarca.com\/wordpress\/segunda\/wp-content\/uploads\/2022\/10\/paellaganadora.jpg\" alt=\"\" class=\"wp-image-169058\" srcset=\"https:\/\/www.tucomarca.com\/wordpress\/segunda\/wp-content\/uploads\/2022\/10\/paellaganadora.jpg 886w, https:\/\/www.tucomarca.com\/wordpress\/segunda\/wp-content\/uploads\/2022\/10\/paellaganadora-300x225.jpg 300w, https:\/\/www.tucomarca.com\/wordpress\/segunda\/wp-content\/uploads\/2022\/10\/paellaganadora-768x576.jpg 768w, https:\/\/www.tucomarca.com\/wordpress\/segunda\/wp-content\/uploads\/2022\/10\/paellaganadora-678x509.jpg 678w, https:\/\/www.tucomarca.com\/wordpress\/segunda\/wp-content\/uploads\/2022\/10\/paellaganadora-326x245.jpg 326w, https:\/\/www.tucomarca.com\/wordpress\/segunda\/wp-content\/uploads\/2022\/10\/paellaganadora-80x60.jpg 80w\" sizes=\"auto, (max-width: 886px) 100vw, 886px\" \/><\/figure>\n\n\n\n<figure class=\"wp-block-image size-large\"><img loading=\"lazy\" decoding=\"async\" width=\"886\" height=\"665\" data-id=\"169060\" src=\"https:\/\/www.tucomarca.com\/wordpress\/segunda\/wp-content\/uploads\/2022\/10\/batucada.jpg\" alt=\"\" class=\"wp-image-169060\" srcset=\"https:\/\/www.tucomarca.com\/wordpress\/segunda\/wp-content\/uploads\/2022\/10\/batucada.jpg 886w, https:\/\/www.tucomarca.com\/wordpress\/segunda\/wp-content\/uploads\/2022\/10\/batucada-300x225.jpg 300w, https:\/\/www.tucomarca.com\/wordpress\/segunda\/wp-content\/uploads\/2022\/10\/batucada-768x576.jpg 768w, https:\/\/www.tucomarca.com\/wordpress\/segunda\/wp-content\/uploads\/2022\/10\/batucada-678x509.jpg 678w, https:\/\/www.tucomarca.com\/wordpress\/segunda\/wp-content\/uploads\/2022\/10\/batucada-326x245.jpg 326w, https:\/\/www.tucomarca.com\/wordpress\/segunda\/wp-content\/uploads\/2022\/10\/batucada-80x60.jpg 80w\" sizes=\"auto, (max-width: 886px) 100vw, 886px\" \/><\/figure>\n\n\n\n<figure class=\"wp-block-image size-large\"><img loading=\"lazy\" decoding=\"async\" width=\"886\" height=\"1183\" data-id=\"169062\" src=\"https:\/\/www.tucomarca.com\/wordpress\/segunda\/wp-content\/uploads\/2022\/10\/gente.jpg\" alt=\"\" class=\"wp-image-169062\" srcset=\"https:\/\/www.tucomarca.com\/wordpress\/segunda\/wp-content\/uploads\/2022\/10\/gente.jpg 886w, https:\/\/www.tucomarca.com\/wordpress\/segunda\/wp-content\/uploads\/2022\/10\/gente-225x300.jpg 225w, https:\/\/www.tucomarca.com\/wordpress\/segunda\/wp-content\/uploads\/2022\/10\/gente-767x1024.jpg 767w, https:\/\/www.tucomarca.com\/wordpress\/segunda\/wp-content\/uploads\/2022\/10\/gente-768x1025.jpg 768w\" sizes=\"auto, (max-width: 886px) 100vw, 886px\" \/><\/figure>\n\n\n\n<figure class=\"wp-block-image size-large\"><img loading=\"lazy\" decoding=\"async\" width=\"886\" height=\"665\" data-id=\"169064\" src=\"https:\/\/www.tucomarca.com\/wordpress\/segunda\/wp-content\/uploads\/2022\/10\/globota.jpg\" alt=\"\" class=\"wp-image-169064\" srcset=\"https:\/\/www.tucomarca.com\/wordpress\/segunda\/wp-content\/uploads\/2022\/10\/globota.jpg 886w, https:\/\/www.tucomarca.com\/wordpress\/segunda\/wp-content\/uploads\/2022\/10\/globota-300x225.jpg 300w, https:\/\/www.tucomarca.com\/wordpress\/segunda\/wp-content\/uploads\/2022\/10\/globota-768x576.jpg 768w, https:\/\/www.tucomarca.com\/wordpress\/segunda\/wp-content\/uploads\/2022\/10\/globota-678x509.jpg 678w, https:\/\/www.tucomarca.com\/wordpress\/segunda\/wp-content\/uploads\/2022\/10\/globota-326x245.jpg 326w, https:\/\/www.tucomarca.com\/wordpress\/segunda\/wp-content\/uploads\/2022\/10\/globota-80x60.jpg 80w\" sizes=\"auto, (max-width: 886px) 100vw, 886px\" \/><\/figure>\n\n\n\n<figure class=\"wp-block-image size-large\"><img loading=\"lazy\" decoding=\"async\" width=\"886\" height=\"591\" data-id=\"169066\" src=\"https:\/\/www.tucomarca.com\/wordpress\/segunda\/wp-content\/uploads\/2022\/10\/paellas.jpg\" alt=\"\" class=\"wp-image-169066\" srcset=\"https:\/\/www.tucomarca.com\/wordpress\/segunda\/wp-content\/uploads\/2022\/10\/paellas.jpg 886w, https:\/\/www.tucomarca.com\/wordpress\/segunda\/wp-content\/uploads\/2022\/10\/paellas-300x200.jpg 300w, https:\/\/www.tucomarca.com\/wordpress\/segunda\/wp-content\/uploads\/2022\/10\/paellas-768x512.jpg 768w\" sizes=\"auto, (max-width: 886px) 100vw, 886px\" \/><\/figure>\n\n\n\n<figure class=\"wp-block-image size-large\"><img loading=\"lazy\" decoding=\"async\" width=\"886\" height=\"591\" data-id=\"169068\" src=\"https:\/\/www.tucomarca.com\/wordpress\/segunda\/wp-content\/uploads\/2022\/10\/ambiente.jpg\" alt=\"\" class=\"wp-image-169068\" srcset=\"https:\/\/www.tucomarca.com\/wordpress\/segunda\/wp-content\/uploads\/2022\/10\/ambiente.jpg 886w, https:\/\/www.tucomarca.com\/wordpress\/segunda\/wp-content\/uploads\/2022\/10\/ambiente-300x200.jpg 300w, https:\/\/www.tucomarca.com\/wordpress\/segunda\/wp-content\/uploads\/2022\/10\/ambiente-768x512.jpg 768w\" sizes=\"auto, (max-width: 886px) 100vw, 886px\" \/><\/figure>\n<\/figure>\n","protected":false},"excerpt":{"rendered":"<div class=\"mh-excerpt\">M\u00e1s de 800 falleros han participado en esta celebraci\u00f3n con la que se inicia la cuenta atr\u00e1s hacia las Fallas de 2023. El colectivo fallero ha conmemorado el ecuador de la fiesta fallera en una <a class=\"mh-excerpt-more\" href=\"https:\/\/www.tucomarca.com\/wordpress\/segunda\/benaguasil-celebra-el-iv-medio-ano-fallero\/\" title=\"Benaguasil celebra el IV Medio A\u00f1o Fallero\">[+] <\/a><\/div>\n","protected":false},"author":12,"featured_media":169056,"comment_status":"open","ping_status":"open","sticky":false,"template":"","format":"gallery","meta":{"footnotes":""},"categories":[172,46,8,7,3],"tags":[10429,10395,17139],"class_list":{"0":"post-169054","1":"post","2":"type-post","3":"status-publish","4":"format-gallery","5":"has-post-thumbnail","7":"category-benaguasil","8":"category-camp-de-turia","9":"category-la-comarca","10":"category-ocio-y-cultura","11":"category-seccion","12":"tag-benaguasil","13":"tag-camp-de-turia","14":"tag-fallas-2023","15":"post_format-post-format-gallery"},"_links":{"self":[{"href":"https:\/\/www.tucomarca.com\/wordpress\/segunda\/wp-json\/wp\/v2\/posts\/169054","targetHints":{"allow":["GET"]}}],"collection":[{"href":"https:\/\/www.tucomarca.com\/wordpress\/segunda\/wp-json\/wp\/v2\/posts"}],"about":[{"href":"https:\/\/www.tucomarca.com\/wordpress\/segunda\/wp-json\/wp\/v2\/types\/post"}],"author":[{"embeddable":true,"href":"https:\/\/www.tucomarca.com\/wordpress\/segunda\/wp-json\/wp\/v2\/users\/12"}],"replies":[{"embeddable":true,"href":"https:\/\/www.tucomarca.com\/wordpress\/segunda\/wp-json\/wp\/v2\/comments?post=169054"}],"version-history":[{"count":0,"href":"https:\/\/www.tucomarca.com\/wordpress\/segunda\/wp-json\/wp\/v2\/posts\/169054\/revisions"}],"wp:featuredmedia":[{"embeddable":true,"href":"https:\/\/www.tucomarca.com\/wordpress\/segunda\/wp-json\/wp\/v2\/media\/169056"}],"wp:attachment":[{"href":"https:\/\/www.tucomarca.com\/wordpress\/segunda\/wp-json\/wp\/v2\/media?parent=169054"}],"wp:term":[{"taxonomy":"category","embeddable":true,"href":"https:\/\/www.tucomarca.com\/wordpress\/segunda\/wp-json\/wp\/v2\/categories?post=169054"},{"taxonomy":"post_tag","embeddable":true,"href":"https:\/\/www.tucomarca.com\/wordpress\/segunda\/wp-json\/wp\/v2\/tags?post=169054"}],"curies":[{"name":"wp","href":"https:\/\/api.w.org\/{rel}","templated":true}]}}