{"id":169270,"date":"2022-10-05T08:45:00","date_gmt":"2022-10-05T06:45:00","guid":{"rendered":"https:\/\/www.tucomarca.com\/wordpress\/segunda\/?p=169270"},"modified":"2022-10-05T22:06:29","modified_gmt":"2022-10-05T20:06:29","slug":"la-experiencia-verema-sevilla-2022-se-inaugura-con-la-cata-de-vinos-de-la-denominacion-de-origen-protegida-valencia-variedad-y-origen","status":"publish","type":"post","link":"https:\/\/www.tucomarca.com\/wordpress\/segunda\/la-experiencia-verema-sevilla-2022-se-inaugura-con-la-cata-de-vinos-de-la-denominacion-de-origen-protegida-valencia-variedad-y-origen\/","title":{"rendered":"La experiencia Verema Sevilla 2022 se inaugura con la cata de vinos de la Denominaci\u00f3n de Origen Protegida Valencia: Variedad y origen"},"content":{"rendered":"\n<p>Los asistentes pudieron degustar una selecci\u00f3n de vinos que hac\u00edan honor al car\u00e1cter mediterr\u00e1neo de nuestras tierras y que les abr\u00edan las puertas a nuestra historia y tradici\u00f3n vitivin\u00edcola.<\/p>\n\n\n\n<p>El agradable paseo por la Denominaci\u00f3n de Origen Valencia comenzaba en el Alto Turia y sus vi\u00f1edos, rodeados de almendros y cereales. Una zona que lucha con pasi\u00f3n por evitar el abandono de la vi\u00f1a y de la que surge Ca\u00f1ada Par\u00eds, de Baldovar 923, un blanco 100% merseguera expresivo, complejo y de nariz abundante y boca carnosa.<\/p>\n\n\n\n<p>M\u00e1s tarde, en su visita a Fontanars dels Alforins, les esperaba Negre, de Vinya Alfor\u00ed, un \u201cvi brisat\u201d, un blanco de macabeo elaborado como si fuese un tinto, muy potente, con marcada estructura y sorprendente final.<\/p>\n\n\n\n<p>Le segu\u00eda Les Danses, un espumoso elaborado por Celler del Roure con la variedad mand\u00f3, uva tradicional en Moixent que hab\u00eda sido abandonada por su dif\u00edcil viticultura y que ahora se recupera para dar lugar a vinos tan especiales como este. Elaborado con el m\u00e9todo ancestral, obtienen un espumoso de gran volumen en boca, agradable y complejo.<\/p>\n\n\n\n<p>El Sensal de Javi Revert 2021 es un tinto elaborado con Garnacha y Bonicaire, una uva de origen humilde e importante a partes iguales. Con grano grande y piel gruesa, se utilizaba anta\u00f1o como alimento de subsistencia, pues aguantaba muy bien tras ser vendimiada. Hoy aporta al vino ligereza y frescura.<\/p>\n\n\n\n<p>Clos de Gallur, de Vicente Gand\u00eda es un coupage de Syrah, Tempranillo y Cabernet Sauvignon procedentes de su Finca Gallur. Madurado en barricas de roble franc\u00e9s, es un vino que desprende delicadeza y complejidad.<\/p>\n\n\n\n<p>Luego volv\u00edan al Alto Turia con Esencia de Vegamar, de Bodegas Vegamar. Este coupage de garnacha&nbsp; y Syrah muestra la influencia que el Mediterr\u00e1neo ejerce en la D.O. Valencia. Un vino muy expresivo y con car\u00e1cter madurado en barrica de roble franc\u00e9s.<\/p>\n\n\n\n<p>La cata conclu\u00eda con un dulce final. La guinda la pon\u00eda Valencian Sun, de Baron\u00eda de Tur\u00eds que, vestida con sus mejores galas, un impresionante espol\u00edn fallero, representaba la variedad por excelencia de la Denominaci\u00f3n de Origen Valencia, la moscatel. Una uva que, sin ser aut\u00f3ctona, hemos hecho muy nuestra y que da lugar al tradicional vino dulce valenciano, la mistela. Informa, <strong>Luis Ib\u00e1\u00f1ez.<\/strong><\/p>\n","protected":false},"excerpt":{"rendered":"<div class=\"mh-excerpt\">Los asistentes pudieron degustar una selecci\u00f3n de vinos que hac\u00edan honor al car\u00e1cter mediterr\u00e1neo de nuestras tierras y que les abr\u00edan las puertas a nuestra historia y tradici\u00f3n vitivin\u00edcola. El agradable paseo por la Denominaci\u00f3n <a class=\"mh-excerpt-more\" href=\"https:\/\/www.tucomarca.com\/wordpress\/segunda\/la-experiencia-verema-sevilla-2022-se-inaugura-con-la-cata-de-vinos-de-la-denominacion-de-origen-protegida-valencia-variedad-y-origen\/\" title=\"La experiencia Verema Sevilla 2022 se inaugura con la cata de vinos de la Denominaci\u00f3n de Origen Protegida Valencia: Variedad y origen\">[+] <\/a><\/div>\n","protected":false},"author":12,"featured_media":169273,"comment_status":"open","ping_status":"open","sticky":false,"template":"","format":"standard","meta":{"footnotes":""},"categories":[169,113,128,8,27,3],"tags":[12984,10388,10387,17976],"class_list":{"0":"post-169270","1":"post","2":"type-post","3":"status-publish","4":"format-standard","5":"has-post-thumbnail","7":"category-agricultura-la-comarca","8":"category-vinos","9":"category-infraestructuras","10":"category-la-comarca","11":"category-requena-utiel","12":"category-seccion","13":"tag-d-o-valencia","14":"tag-requena","15":"tag-requena-utiel","16":"tag-verema-sevilla-2022"},"_links":{"self":[{"href":"https:\/\/www.tucomarca.com\/wordpress\/segunda\/wp-json\/wp\/v2\/posts\/169270","targetHints":{"allow":["GET"]}}],"collection":[{"href":"https:\/\/www.tucomarca.com\/wordpress\/segunda\/wp-json\/wp\/v2\/posts"}],"about":[{"href":"https:\/\/www.tucomarca.com\/wordpress\/segunda\/wp-json\/wp\/v2\/types\/post"}],"author":[{"embeddable":true,"href":"https:\/\/www.tucomarca.com\/wordpress\/segunda\/wp-json\/wp\/v2\/users\/12"}],"replies":[{"embeddable":true,"href":"https:\/\/www.tucomarca.com\/wordpress\/segunda\/wp-json\/wp\/v2\/comments?post=169270"}],"version-history":[{"count":0,"href":"https:\/\/www.tucomarca.com\/wordpress\/segunda\/wp-json\/wp\/v2\/posts\/169270\/revisions"}],"wp:featuredmedia":[{"embeddable":true,"href":"https:\/\/www.tucomarca.com\/wordpress\/segunda\/wp-json\/wp\/v2\/media\/169273"}],"wp:attachment":[{"href":"https:\/\/www.tucomarca.com\/wordpress\/segunda\/wp-json\/wp\/v2\/media?parent=169270"}],"wp:term":[{"taxonomy":"category","embeddable":true,"href":"https:\/\/www.tucomarca.com\/wordpress\/segunda\/wp-json\/wp\/v2\/categories?post=169270"},{"taxonomy":"post_tag","embeddable":true,"href":"https:\/\/www.tucomarca.com\/wordpress\/segunda\/wp-json\/wp\/v2\/tags?post=169270"}],"curies":[{"name":"wp","href":"https:\/\/api.w.org\/{rel}","templated":true}]}}