{"id":169272,"date":"2022-10-04T20:00:00","date_gmt":"2022-10-04T18:00:00","guid":{"rendered":"https:\/\/www.tucomarca.com\/wordpress\/segunda\/?p=169272"},"modified":"2022-10-05T14:30:57","modified_gmt":"2022-10-05T12:30:57","slug":"el-cd-bunol-se-impone-por-4-goles-a-0-al-mislata-cf-en-su-feudo-del-beltran-baguena","status":"publish","type":"post","link":"https:\/\/www.tucomarca.com\/wordpress\/segunda\/el-cd-bunol-se-impone-por-4-goles-a-0-al-mislata-cf-en-su-feudo-del-beltran-baguena\/","title":{"rendered":"El CD Bu\u00f1ol se impone por 4 goles a 0 al Mislata CF en su feudo del Beltr\u00e1n B\u00e1guena"},"content":{"rendered":"\n<p>El Club Deportivo Bu\u00f1ol se ha impuesto, y por goleada, al Mislata CF en su feudo del Beltr\u00e1n B\u00e1guena en su \u00faltimo enfrentamiento de este pasado domingo. <\/p>\n\n\n\n<p>Los blancos le han endosado cuatro goles que empezaron a sumar a partir del minuto 27 de la primera mitad por mediaci\u00f3n de Rub\u00e9n. No obstante, los tres goles restantes llegaron en la segunda parte y no fue hasta el minuto 73, cuando Duco materializ\u00f3 el segundo tanto que subi\u00f3 al marcador. A partir de ah\u00ed, el festival bu\u00f1olense lo completaron Jorge Seral, en el minuto 76; y Gerald ya casi en el tiempo de descuento. <\/p>\n\n\n\n<p>Los blancos cosechan as\u00ed una importante victoria no s\u00f3lo para incrementar su moral sino para escalar puestos en la tabla de clasificaci\u00f3n del grupo segundo de la Regional Preferente valenciana en cuyo puesto d\u00e9cimo se sit\u00faan actualmente. <\/p>\n\n\n\n<p>Los blancos se medir\u00e1n este pr\u00f3ximo fin de semana al Ribarroja CF en un partido inicialmente previsto para el s\u00e1bado, 8 de octubre, a partir de las 17,30 horas.  <\/p>\n\n\n\n<p>Por otra parte, el filial del CD Bu\u00f1ol cosech\u00f3 tambi\u00e9n otra victoria frente al Fuenterrobles en el Beltr\u00e1n B\u00e1guena, donde se impuso el s\u00e1bado por 2 goles a 0. <\/p>\n\n\n\n<figure class=\"wp-block-image size-large\"><img loading=\"lazy\" decoding=\"async\" width=\"1024\" height=\"768\" src=\"https:\/\/www.tucomarca.com\/wordpress\/segunda\/wp-content\/uploads\/2022\/10\/CDBunolMislata2022-1024x768.jpg\" alt=\"\" class=\"wp-image-169278\" srcset=\"https:\/\/www.tucomarca.com\/wordpress\/segunda\/wp-content\/uploads\/2022\/10\/CDBunolMislata2022-1024x768.jpg 1024w, https:\/\/www.tucomarca.com\/wordpress\/segunda\/wp-content\/uploads\/2022\/10\/CDBunolMislata2022-300x225.jpg 300w, https:\/\/www.tucomarca.com\/wordpress\/segunda\/wp-content\/uploads\/2022\/10\/CDBunolMislata2022-768x576.jpg 768w, https:\/\/www.tucomarca.com\/wordpress\/segunda\/wp-content\/uploads\/2022\/10\/CDBunolMislata2022-1536x1152.jpg 1536w, https:\/\/www.tucomarca.com\/wordpress\/segunda\/wp-content\/uploads\/2022\/10\/CDBunolMislata2022-678x509.jpg 678w, https:\/\/www.tucomarca.com\/wordpress\/segunda\/wp-content\/uploads\/2022\/10\/CDBunolMislata2022-326x245.jpg 326w, https:\/\/www.tucomarca.com\/wordpress\/segunda\/wp-content\/uploads\/2022\/10\/CDBunolMislata2022-80x60.jpg 80w, https:\/\/www.tucomarca.com\/wordpress\/segunda\/wp-content\/uploads\/2022\/10\/CDBunolMislata2022.jpg 2000w\" sizes=\"auto, (max-width: 1024px) 100vw, 1024px\" \/><\/figure>\n","protected":false},"excerpt":{"rendered":"<div class=\"mh-excerpt\">El Club Deportivo Bu\u00f1ol se ha impuesto, y por goleada, al Mislata CF en su feudo del Beltr\u00e1n B\u00e1guena en su \u00faltimo enfrentamiento de este pasado domingo. Los blancos le han endosado cuatro goles que <a class=\"mh-excerpt-more\" href=\"https:\/\/www.tucomarca.com\/wordpress\/segunda\/el-cd-bunol-se-impone-por-4-goles-a-0-al-mislata-cf-en-su-feudo-del-beltran-baguena\/\" title=\"El CD Bu\u00f1ol se impone por 4 goles a 0 al Mislata CF en su feudo del Beltr\u00e1n B\u00e1guena\">[+] <\/a><\/div>\n","protected":false},"author":1,"featured_media":169280,"comment_status":"open","ping_status":"open","sticky":false,"template":"","format":"standard","meta":{"footnotes":""},"categories":[18,50,6,10,3],"tags":[10385,537,44,5952],"class_list":{"0":"post-169272","1":"post","2":"type-post","3":"status-publish","4":"format-standard","5":"has-post-thumbnail","7":"category-bunol","8":"category-futbol-deportes","9":"category-deportes","10":"category-la-hoya","11":"category-seccion","12":"tag-bunol","13":"tag-cd-bunol","14":"tag-futbol","15":"tag-la-hoya-de-bunol-chiva"},"_links":{"self":[{"href":"https:\/\/www.tucomarca.com\/wordpress\/segunda\/wp-json\/wp\/v2\/posts\/169272","targetHints":{"allow":["GET"]}}],"collection":[{"href":"https:\/\/www.tucomarca.com\/wordpress\/segunda\/wp-json\/wp\/v2\/posts"}],"about":[{"href":"https:\/\/www.tucomarca.com\/wordpress\/segunda\/wp-json\/wp\/v2\/types\/post"}],"author":[{"embeddable":true,"href":"https:\/\/www.tucomarca.com\/wordpress\/segunda\/wp-json\/wp\/v2\/users\/1"}],"replies":[{"embeddable":true,"href":"https:\/\/www.tucomarca.com\/wordpress\/segunda\/wp-json\/wp\/v2\/comments?post=169272"}],"version-history":[{"count":0,"href":"https:\/\/www.tucomarca.com\/wordpress\/segunda\/wp-json\/wp\/v2\/posts\/169272\/revisions"}],"wp:featuredmedia":[{"embeddable":true,"href":"https:\/\/www.tucomarca.com\/wordpress\/segunda\/wp-json\/wp\/v2\/media\/169280"}],"wp:attachment":[{"href":"https:\/\/www.tucomarca.com\/wordpress\/segunda\/wp-json\/wp\/v2\/media?parent=169272"}],"wp:term":[{"taxonomy":"category","embeddable":true,"href":"https:\/\/www.tucomarca.com\/wordpress\/segunda\/wp-json\/wp\/v2\/categories?post=169272"},{"taxonomy":"post_tag","embeddable":true,"href":"https:\/\/www.tucomarca.com\/wordpress\/segunda\/wp-json\/wp\/v2\/tags?post=169272"}],"curies":[{"name":"wp","href":"https:\/\/api.w.org\/{rel}","templated":true}]}}