{"id":169399,"date":"2022-10-06T16:00:00","date_gmt":"2022-10-06T14:00:00","guid":{"rendered":"https:\/\/www.tucomarca.com\/wordpress\/segunda\/?p=169399"},"modified":"2022-10-06T17:47:11","modified_gmt":"2022-10-06T15:47:11","slug":"el-parque-del-plantio-acogera-la-feria-godelleta-es-moscatel-del-21-al-23-de-octubre","status":"publish","type":"post","link":"https:\/\/www.tucomarca.com\/wordpress\/segunda\/el-parque-del-plantio-acogera-la-feria-godelleta-es-moscatel-del-21-al-23-de-octubre\/","title":{"rendered":"El Parque del Plant\u00edo acoger\u00e1 la feria \u00abGodelleta es Moscatel\u00bb del 21 al 23 de octubre"},"content":{"rendered":"\n<p>Llega una nueva Edici\u00f3n de la Feria del Moscatel en Godelleta. Del 21 al 23 de octubre se podr\u00e1 disfrutar en el Parque del Plant\u00edo, frente a la bodega de la localidad, de una gran variedad de casetas con productos selectos gastron\u00f3micos, cuyo protagonista ser\u00e1 el moscatel como gran tesoro de este municipio, a este evento est\u00e1 prevista la asistencia de varias Bodegas de la DO Valencia.<\/p>\n\n\n\n<p>\u00abEsta feria pretende institucionalizarse cada a\u00f1o en el \u00faltimo fin de semana de septiembre coincidiendo con la cosecha de la uva, aunque este a\u00f1o por fechas no ha podido ser\u00bb, seg\u00fan ha explicado el alcalde de Godelleta, Rafael Fora.<\/p>\n\n\n\n<p>\u00abLos asistentes podr\u00e1n adquirir un bono de cinco degustaciones, y una consumici\u00f3n de verm\u00fa gratuita, por un importe de siete euros con el que se podr\u00e1n disfrutar del consumo de productos de esta feria\u00bb, tal como ha a\u00f1adido Rafa Fora.<\/p>\n\n\n\n<figure class=\"wp-block-image size-full\"><img loading=\"lazy\" decoding=\"async\" width=\"1024\" height=\"602\" src=\"https:\/\/www.tucomarca.com\/wordpress\/segunda\/wp-content\/uploads\/2022\/10\/GodelletaFeriaMoscatel1.jpg\" alt=\"\" class=\"wp-image-169406\" srcset=\"https:\/\/www.tucomarca.com\/wordpress\/segunda\/wp-content\/uploads\/2022\/10\/GodelletaFeriaMoscatel1.jpg 1024w, https:\/\/www.tucomarca.com\/wordpress\/segunda\/wp-content\/uploads\/2022\/10\/GodelletaFeriaMoscatel1-300x176.jpg 300w, https:\/\/www.tucomarca.com\/wordpress\/segunda\/wp-content\/uploads\/2022\/10\/GodelletaFeriaMoscatel1-768x452.jpg 768w\" sizes=\"auto, (max-width: 1024px) 100vw, 1024px\" \/><\/figure>\n","protected":false},"excerpt":{"rendered":"<div class=\"mh-excerpt\">Llega una nueva Edici\u00f3n de la Feria del Moscatel en Godelleta. Del 21 al 23 de octubre se podr\u00e1 disfrutar en el Parque del Plant\u00edo, frente a la bodega de la localidad, de una gran <a class=\"mh-excerpt-more\" href=\"https:\/\/www.tucomarca.com\/wordpress\/segunda\/el-parque-del-plantio-acogera-la-feria-godelleta-es-moscatel-del-21-al-23-de-octubre\/\" title=\"El Parque del Plant\u00edo acoger\u00e1 la feria \u00abGodelleta es Moscatel\u00bb del 21 al 23 de octubre\">[+] <\/a><\/div>\n","protected":false},"author":12,"featured_media":169408,"comment_status":"open","ping_status":"open","sticky":false,"template":"","format":"standard","meta":{"footnotes":""},"categories":[4,113,14,8,10,7,3],"tags":[10383,5952,17984,1640],"class_list":{"0":"post-169399","1":"post","2":"type-post","3":"status-publish","4":"format-standard","5":"has-post-thumbnail","7":"category-agenda","8":"category-vinos","9":"category-godelleta","10":"category-la-comarca","11":"category-la-hoya","12":"category-ocio-y-cultura","13":"category-seccion","14":"tag-godelleta","15":"tag-la-hoya-de-bunol-chiva","16":"tag-mistela","17":"tag-moscatel"},"_links":{"self":[{"href":"https:\/\/www.tucomarca.com\/wordpress\/segunda\/wp-json\/wp\/v2\/posts\/169399","targetHints":{"allow":["GET"]}}],"collection":[{"href":"https:\/\/www.tucomarca.com\/wordpress\/segunda\/wp-json\/wp\/v2\/posts"}],"about":[{"href":"https:\/\/www.tucomarca.com\/wordpress\/segunda\/wp-json\/wp\/v2\/types\/post"}],"author":[{"embeddable":true,"href":"https:\/\/www.tucomarca.com\/wordpress\/segunda\/wp-json\/wp\/v2\/users\/12"}],"replies":[{"embeddable":true,"href":"https:\/\/www.tucomarca.com\/wordpress\/segunda\/wp-json\/wp\/v2\/comments?post=169399"}],"version-history":[{"count":0,"href":"https:\/\/www.tucomarca.com\/wordpress\/segunda\/wp-json\/wp\/v2\/posts\/169399\/revisions"}],"wp:featuredmedia":[{"embeddable":true,"href":"https:\/\/www.tucomarca.com\/wordpress\/segunda\/wp-json\/wp\/v2\/media\/169408"}],"wp:attachment":[{"href":"https:\/\/www.tucomarca.com\/wordpress\/segunda\/wp-json\/wp\/v2\/media?parent=169399"}],"wp:term":[{"taxonomy":"category","embeddable":true,"href":"https:\/\/www.tucomarca.com\/wordpress\/segunda\/wp-json\/wp\/v2\/categories?post=169399"},{"taxonomy":"post_tag","embeddable":true,"href":"https:\/\/www.tucomarca.com\/wordpress\/segunda\/wp-json\/wp\/v2\/tags?post=169399"}],"curies":[{"name":"wp","href":"https:\/\/api.w.org\/{rel}","templated":true}]}}