{"id":169506,"date":"2022-10-10T12:00:00","date_gmt":"2022-10-10T10:00:00","guid":{"rendered":"https:\/\/www.tucomarca.com\/wordpress\/segunda\/?p=169506"},"modified":"2022-10-10T13:57:10","modified_gmt":"2022-10-10T11:57:10","slug":"csif-alerta-del-colapso-en-urgencias-del-hospital-de-la-ribera-con-38-pacientes-a-la-espera-de-cama-y-falta-de-profesionales","status":"publish","type":"post","link":"https:\/\/www.tucomarca.com\/wordpress\/segunda\/csif-alerta-del-colapso-en-urgencias-del-hospital-de-la-ribera-con-38-pacientes-a-la-espera-de-cama-y-falta-de-profesionales\/","title":{"rendered":"CSIF alerta del \u00abcolapso en Urgencias del hospital de la Ribera con 38 pacientes a la espera de cama y falta de profesionales\u00bb"},"content":{"rendered":"\n<h3 class=\"wp-block-heading\">La central sindical lamenta que el departamento no haya reforzado la plantilla ante esta situaci\u00f3n y avisa que hay el doble de pacientes en boxes de lo que por capacidad deber\u00eda<\/h3>\n\n\n\n<p>El sindicato CSIF alerta del \u00abcolapso que sufre el servicio de Urgencias del hospital de la Ribera, en Alzira, que a primera hora de esta ma\u00f1ana ten\u00eda a 38 pacientes a la espera de cama en planta para ser ingresados. La central sindical lamenta que la direcci\u00f3n del departamento no haya realizado la planificaci\u00f3n necesaria para reforzar una plantilla que se encuentra muy mermada al no cubrirse las bajas m\u00e9dicas\u00bb.<\/p>\n\n\n\n<p>La Central Sindical Independiente y de Funcionarios (CSIF) explica que la situaci\u00f3n \u00abel pasado viernes ya resultaba alarmante, con m\u00e1s de 30 pacientes a la espera de cama. El sindicato se\u00f1ala que en lugar de habilitar m\u00e1s espacio y llevar cabo un plan de choque, la direcci\u00f3n del departamento decidi\u00f3 no aplicar medidas de urgencia\u00bb.<\/p>\n\n\n\n<p>CSIF recalca que esta ma\u00f1ana ya hab\u00eda pacientes esperando cama en planta desde el s\u00e1bado al mediod\u00eda, lo que supone m\u00e1s de 40 horas en esta situaci\u00f3n. La central sindical subraya que los boxes del servicio de Urgencias, habilitados para dos pacientes, est\u00e1n albergando durante este fin de semana y primera hora de este lunes a cuatro cada uno.<\/p>\n\n\n\n<p>El sindicato apunta que el incremento de usuarios contrasta con la p\u00e9rdida de plantilla, sin plan de choque en enfermer\u00eda y con un n\u00famero de personal facultativo mermado desde principio de a\u00f1o. El sindicato avisa que la direcci\u00f3n no sustituye vacantes ni bajas ni cubre reducciones de jornada, lo que significa que desde enero hasta la actualidad ha descendido la plantilla m\u00e9dica en siete efectivos y medio. En la pr\u00e1ctica, esto supone que en turnos del servicio de Urgencias en los que hab\u00eda ocho facultativos ahora hay seis.<\/p>\n\n\n\n<p>El sindicato hace hincapi\u00e9 en que esta carencia de profesionales se extiende a Enfermer\u00eda y a t\u00e9cnicos de cuidados auxiliares de enfermer\u00eda (TCAE), con escasez de plantilla para atender los diferentes turnos. La situaci\u00f3n se agrava debido que durante el tiempo que esperan en boxes los pacientes hasta ser trasladados en planta, son los profesionales del servicio de Urgencias quienes les atienden, a la vez que tratan a quienes acaban de llegar o no requieren ingreso, con lo que su labor se duplica.<\/p>\n\n\n\n<p>CSIF insiste en la complicaci\u00f3n del estado actual del hospital y recuerda que \u201cdebido a las condiciones laborales, profesionales del departamento dejan puestos fijos para marcharse a bolsas temporales de otros lugares. No se est\u00e1 cuidando a los trabajadores y estos se ven obligados a marcharse. Tampoco quieren venir otros nuevos porque saben el panorama de falta de recursos ante el que se van a&nbsp; enfrentar\u201d.<\/p>\n\n\n\n<p>La central sindical urge, en este contexto, a aplicar un plan de choque que contemple una mejora de condiciones de trabajadores y a ampliar espacio y medios para ofrecer la atenci\u00f3n necesaria a la ciudadan\u00eda y evitar situaciones de colapso como la que se vive hoy en el hospital de la Ribera.<\/p>\n","protected":false},"excerpt":{"rendered":"<div class=\"mh-excerpt\">La central sindical lamenta que el departamento no haya reforzado la plantilla ante esta situaci\u00f3n y avisa que hay el doble de pacientes en boxes de lo que por capacidad deber\u00eda El sindicato CSIF alerta <a class=\"mh-excerpt-more\" href=\"https:\/\/www.tucomarca.com\/wordpress\/segunda\/csif-alerta-del-colapso-en-urgencias-del-hospital-de-la-ribera-con-38-pacientes-a-la-espera-de-cama-y-falta-de-profesionales\/\" title=\"CSIF alerta del \u00abcolapso en Urgencias del hospital de la Ribera con 38 pacientes a la espera de cama y falta de profesionales\u00bb\">[+] <\/a><\/div>\n","protected":false},"author":1,"featured_media":133090,"comment_status":"open","ping_status":"open","sticky":false,"template":"","format":"standard","meta":{"footnotes":""},"categories":[69,119,128,8,72,42,142,3,116,45],"tags":[10402,439,3640],"class_list":{"0":"post-169506","1":"post","2":"type-post","3":"status-publish","4":"format-standard","5":"has-post-thumbnail","7":"category-alzira","8":"category-sanidad-la-comarca","9":"category-infraestructuras","10":"category-la-comarca","11":"category-sin-categorizar","12":"category-la-ribera","13":"category-politica-la-comarca","14":"category-seccion","15":"category-sucesos-la-comarca","16":"category-ventana","17":"tag-alzira","18":"tag-hospital-la-ribera","19":"tag-la-ribera-alta"},"_links":{"self":[{"href":"https:\/\/www.tucomarca.com\/wordpress\/segunda\/wp-json\/wp\/v2\/posts\/169506","targetHints":{"allow":["GET"]}}],"collection":[{"href":"https:\/\/www.tucomarca.com\/wordpress\/segunda\/wp-json\/wp\/v2\/posts"}],"about":[{"href":"https:\/\/www.tucomarca.com\/wordpress\/segunda\/wp-json\/wp\/v2\/types\/post"}],"author":[{"embeddable":true,"href":"https:\/\/www.tucomarca.com\/wordpress\/segunda\/wp-json\/wp\/v2\/users\/1"}],"replies":[{"embeddable":true,"href":"https:\/\/www.tucomarca.com\/wordpress\/segunda\/wp-json\/wp\/v2\/comments?post=169506"}],"version-history":[{"count":0,"href":"https:\/\/www.tucomarca.com\/wordpress\/segunda\/wp-json\/wp\/v2\/posts\/169506\/revisions"}],"wp:featuredmedia":[{"embeddable":true,"href":"https:\/\/www.tucomarca.com\/wordpress\/segunda\/wp-json\/wp\/v2\/media\/133090"}],"wp:attachment":[{"href":"https:\/\/www.tucomarca.com\/wordpress\/segunda\/wp-json\/wp\/v2\/media?parent=169506"}],"wp:term":[{"taxonomy":"category","embeddable":true,"href":"https:\/\/www.tucomarca.com\/wordpress\/segunda\/wp-json\/wp\/v2\/categories?post=169506"},{"taxonomy":"post_tag","embeddable":true,"href":"https:\/\/www.tucomarca.com\/wordpress\/segunda\/wp-json\/wp\/v2\/tags?post=169506"}],"curies":[{"name":"wp","href":"https:\/\/api.w.org\/{rel}","templated":true}]}}