{"id":169747,"date":"2022-10-13T08:55:00","date_gmt":"2022-10-13T06:55:00","guid":{"rendered":"https:\/\/www.tucomarca.com\/wordpress\/segunda\/?p=169747"},"modified":"2022-10-13T20:17:02","modified_gmt":"2022-10-13T18:17:02","slug":"el-gobierno-socialista-de-requena-renueva-el-fronton-del-polideportivo","status":"publish","type":"post","link":"https:\/\/www.tucomarca.com\/wordpress\/segunda\/el-gobierno-socialista-de-requena-renueva-el-fronton-del-polideportivo\/","title":{"rendered":"El gobierno socialista de Requena renueva el front\u00f3n del Polideportivo"},"content":{"rendered":"\n<p>El equipo de gobierno socialista de Requena ya ha iniciado la renovaci\u00f3n del front\u00f3n del Polideportivo, siguiendo as\u00ed con su apuesta por el deporte en el municipio.<\/p>\n\n\n\n<p>Las obras, financiadas con fondos propios del consistorio requenense por un importe de 61.719,92\u20ac, cuentan con tres meses de plazo de ejecuci\u00f3n.<\/p>\n\n\n\n<p>Adem\u00e1s, en la zona existente entre la tercera pista de tenis y la piscina cubierta, se aprovechar\u00e1 para hacer almac\u00e9n, graderia y accesibilidad para personas con movilidad reducida.<\/p>\n\n\n\n<p>Por otra parte, est\u00e1n a punto de finalizar las obras en la pista de atletismo de Requena y, pr\u00f3ximamente, comenzar\u00e1n las de las pistas de p\u00e1del de Campo Arc\u00eds y Los Isidros.<\/p>\n\n\n\n<p>Para los socialistas de Requena,\u00a0\u00abel\u00a0deporte es un\u00a0pilar fundamental de cara a lograr la\u00a0cohesi\u00f3n social y algo que sin duda mejora la calidad de vida de los y las requenenses, por lo que la pr\u00e1ctica de cualquier disciplina deportiva debe poderse realizar en las mejores condiciones posibles\u00bb.<\/p>\n","protected":false},"excerpt":{"rendered":"<div class=\"mh-excerpt\">El equipo de gobierno socialista de Requena ya ha iniciado la renovaci\u00f3n del front\u00f3n del Polideportivo, siguiendo as\u00ed con su apuesta por el deporte en el municipio. Las obras, financiadas con fondos propios del consistorio <a class=\"mh-excerpt-more\" href=\"https:\/\/www.tucomarca.com\/wordpress\/segunda\/el-gobierno-socialista-de-requena-renueva-el-fronton-del-polideportivo\/\" title=\"El gobierno socialista de Requena renueva el front\u00f3n del Polideportivo\">[+] <\/a><\/div>\n","protected":false},"author":12,"featured_media":169749,"comment_status":"open","ping_status":"open","sticky":false,"template":"","format":"standard","meta":{"footnotes":""},"categories":[128,8,142,28,27,3],"tags":[11245,10388,10387],"class_list":{"0":"post-169747","1":"post","2":"type-post","3":"status-publish","4":"format-standard","5":"has-post-thumbnail","7":"category-infraestructuras","8":"category-la-comarca","9":"category-politica-la-comarca","10":"category-requena","11":"category-requena-utiel","12":"category-seccion","13":"tag-psoe-requena","14":"tag-requena","15":"tag-requena-utiel"},"_links":{"self":[{"href":"https:\/\/www.tucomarca.com\/wordpress\/segunda\/wp-json\/wp\/v2\/posts\/169747","targetHints":{"allow":["GET"]}}],"collection":[{"href":"https:\/\/www.tucomarca.com\/wordpress\/segunda\/wp-json\/wp\/v2\/posts"}],"about":[{"href":"https:\/\/www.tucomarca.com\/wordpress\/segunda\/wp-json\/wp\/v2\/types\/post"}],"author":[{"embeddable":true,"href":"https:\/\/www.tucomarca.com\/wordpress\/segunda\/wp-json\/wp\/v2\/users\/12"}],"replies":[{"embeddable":true,"href":"https:\/\/www.tucomarca.com\/wordpress\/segunda\/wp-json\/wp\/v2\/comments?post=169747"}],"version-history":[{"count":0,"href":"https:\/\/www.tucomarca.com\/wordpress\/segunda\/wp-json\/wp\/v2\/posts\/169747\/revisions"}],"wp:featuredmedia":[{"embeddable":true,"href":"https:\/\/www.tucomarca.com\/wordpress\/segunda\/wp-json\/wp\/v2\/media\/169749"}],"wp:attachment":[{"href":"https:\/\/www.tucomarca.com\/wordpress\/segunda\/wp-json\/wp\/v2\/media?parent=169747"}],"wp:term":[{"taxonomy":"category","embeddable":true,"href":"https:\/\/www.tucomarca.com\/wordpress\/segunda\/wp-json\/wp\/v2\/categories?post=169747"},{"taxonomy":"post_tag","embeddable":true,"href":"https:\/\/www.tucomarca.com\/wordpress\/segunda\/wp-json\/wp\/v2\/tags?post=169747"}],"curies":[{"name":"wp","href":"https:\/\/api.w.org\/{rel}","templated":true}]}}