{"id":169829,"date":"2022-10-14T10:00:00","date_gmt":"2022-10-14T08:00:00","guid":{"rendered":"https:\/\/www.tucomarca.com\/wordpress\/segunda\/?p=169829"},"modified":"2022-10-14T22:38:00","modified_gmt":"2022-10-14T20:38:00","slug":"el-pp-exige-la-reforma-urgente-de-la-carretera-cv-372-por-su-peligrosidad-frente-a-la-paralisis-de-los-gobiernos-municipales-y-la-diputacion","status":"publish","type":"post","link":"https:\/\/www.tucomarca.com\/wordpress\/segunda\/el-pp-exige-la-reforma-urgente-de-la-carretera-cv-372-por-su-peligrosidad-frente-a-la-paralisis-de-los-gobiernos-municipales-y-la-diputacion\/","title":{"rendered":"El PP exige la reforma urgente de la carretera CV-372 \u00abpor su peligrosidad frente a la par\u00e1lisis de los gobiernos municipales y la Diputaci\u00f3n\u00bb"},"content":{"rendered":"\n<h4 class=\"wp-block-heading\">Moci\u00f3n conjunta del PP de la Pobla de Vallbona y Riba-roja \u201cpara ver si los alcaldes de estos municipios se dan una vez por aludidos y trabajan algo para pedir a sus compa\u00f1eros de la Diputaci\u00f3n la realizaci\u00f3n de un proyecto de la CV-372 y las mejoras urgentes de los puntos negros hasta que se ejecute\u201d<\/h4>\n\n\n\n<h4 class=\"wp-block-heading\">Mari Carmen Contelles recuerda que \u201chab\u00eda un proyecto del anterior equipo del PP en la Diputaci\u00f3n\u201d pero por \u201cel olvido y el pasotismo del gobierno municipal y provincial actual, han pasado m\u00e1s de siete a\u00f1os y este proyecto ha caducado por lo que hay que hacer uno nuevo\u201d<\/h4>\n\n\n\n<h4 class=\"wp-block-heading\">Santiago Navarro indica que \u201cla CV-372 no s\u00f3lo es una carretera que conecta la Pobla de Vallbona con Riba-roja, sino que vertebra y da conexi\u00f3n a toda la comarca del Camp de T\u00faria y une dos parques como es el parque fluvial del Turia y el de la Serra Calderona\u201d<\/h4>\n\n\n\n<p>La portavoz del Partido Popular en el Ayuntamiento de la Pobla de Vallbona, Mari Carmen Contelles, y el portavoz del PP en Riba-roja de Turia, Santiago Navarro, han exigido a los gobiernos municipales de Josep Vicent Garcia i Tamarit y Robert Raga que \u201cse pongan de una vez las pilas\u201d e insten a la Diputaci\u00f3n de Valencia a \u201cponer en marcha la reforma de la carretera CV-372 que conecta la Pobla con Riba-roja y es un punto de peligrosidad y accidentes\u201d.&nbsp;<\/p>\n\n\n\n<p>Ambos portavoces han se\u00f1alado que el gobierno municipal de Comprom\u00eds y sus socios en la Pobla y el del PSOE en Riba-roja \u201cson incapaces de hacer valer el peso de los municipios ante la Diputaci\u00f3n que gobiernan precisamente PSOE y Comprom\u00eds, los mismos partidos, y fruto de este olvido es que tenemos una de las principales conexiones convertida en un foco de accidentes incluso mortales\u201d.&nbsp;<\/p>\n\n\n\n<p>Los portavoces populares han anunciado que tanto el PP de la Pobla de Vallbona como el de Riba-roja de T\u00faria han presentado una moci\u00f3n al pr\u00f3ximo pleno \u201cpara ver si los alcaldes de estos municipios se dan una vez por aludidos y trabajan algo para pedir a sus compa\u00f1eros de la Diputaci\u00f3n la realizaci\u00f3n de un proyecto de la CV-372 y las mejoras urgentes de los puntos negros hasta que se ejecute\u201d<\/p>\n\n\n\n<p>Mari Carmen Contelles ha recordado que la CV-372 \u201ces una reivindicaci\u00f3n hist\u00f3rica del PP que llevamos a\u00f1os reclamando\u201d y que \u201chab\u00eda un proyecto del anterior equipo del PP en la Diputaci\u00f3n\u201d pero por \u201cel olvido y el pasotismo del gobierno municipal y provincial actual, han pasado m\u00e1s de siete a\u00f1os y este proyecto ha caducado, por lo que es necesario hacer uno nuevo\u201d.&nbsp;<\/p>\n\n\n\n<p>\u201cLa CV-372 no s\u00f3lo es una carretera que conecta la Pobla de Vallbona con Riba-roja, sino que vertebra y da conexi\u00f3n a toda la comarca del Camp de T\u00faria y une dos parques como es el parque fluvial del Turia y el de la Serra Calderona. Con la realizaci\u00f3n de esta carretera y su carril bici conseguiremos beneficiar a varios municipios de la comarca, no s\u00f3lo a la Pobla y Riba-roja\u201d, ha a\u00f1adido Santiago Navarro.&nbsp;<\/p>\n\n\n\n<p>Sin embargo, los portavoces del PP han lamentado que a d\u00eda de hoy \u201cy tras a\u00f1os de olvido de los gobiernos municipales de Comprom\u00eds y PSOE y de la Diputaci\u00f3n\u201d, la CV-372 se ha cobrado la vida de varias personas y contiene elementos de choque muy peligrosos, curvas peligrosas y cruces, as\u00ed como entradas o salidas a zonas residenciales y agr\u00edcolas, inexistencia de arc\u00e9n, o zonas pendientes de desarrollar urban\u00edsticamente, \u201clo que hace imperioso abordar de una vez la reforma de esta carretera\u201d.&nbsp;<\/p>\n\n\n\n<p>Mari Carmen Contelles ha reclamado por tanto \u201cque el alcalde Josep Vicent Garcia i Tamarit as\u00ed como los partidos que sustentan el gobierno de la Pobla de Vallbona se sumen a esta reivindicaci\u00f3n del PP y no escondan la cabeza como las avestruces como si la cosa no fuera con ellos. Que demuestren que les importa m\u00e1s el municipio que las siglas de su partido y vayamos juntos a reivindicar esta obra tan necesaria a la Diputaci\u00f3n\u201d.&nbsp;<\/p>\n\n\n\n<p>En este mismo sentido se ha pronunciado Santiago Navarro, reclamando que \u201cel alcalde socialista Robert Raga vote a favor de la moci\u00f3n del PP y se plante ante sus compa\u00f1eros de la Diputaci\u00f3n para exigir esta inversi\u00f3n tan necesaria para el municipio sin m\u00e1s excusas, salvo que quiera reconocer que no es capaz de defender los intereses de Riba-roja\u201d.&nbsp;<\/p>\n","protected":false},"excerpt":{"rendered":"<div class=\"mh-excerpt\">Moci\u00f3n conjunta del PP de la Pobla de Vallbona y Riba-roja \u201cpara ver si los alcaldes de estos municipios se dan una vez por aludidos y trabajan algo para pedir a sus compa\u00f1eros de la <a class=\"mh-excerpt-more\" href=\"https:\/\/www.tucomarca.com\/wordpress\/segunda\/el-pp-exige-la-reforma-urgente-de-la-carretera-cv-372-por-su-peligrosidad-frente-a-la-paralisis-de-los-gobiernos-municipales-y-la-diputacion\/\" title=\"El PP exige la reforma urgente de la carretera CV-372 \u00abpor su peligrosidad frente a la par\u00e1lisis de los gobiernos municipales y la Diputaci\u00f3n\u00bb\">[+] <\/a><\/div>\n","protected":false},"author":12,"featured_media":169831,"comment_status":"open","ping_status":"open","sticky":false,"template":"","format":"standard","meta":{"footnotes":""},"categories":[46,128,8,174,142,182,3],"tags":[10395,18028,1335,11272],"class_list":{"0":"post-169829","1":"post","2":"type-post","3":"status-publish","4":"format-standard","5":"has-post-thumbnail","7":"category-camp-de-turia","8":"category-infraestructuras","9":"category-la-comarca","10":"category-la-pobla","11":"category-politica-la-comarca","12":"category-riba-roja","13":"category-seccion","14":"tag-camp-de-turia","15":"tag-cv-372","16":"tag-la-pobla-de-vallbona","17":"tag-pp-pobla-de-vallbona"},"_links":{"self":[{"href":"https:\/\/www.tucomarca.com\/wordpress\/segunda\/wp-json\/wp\/v2\/posts\/169829","targetHints":{"allow":["GET"]}}],"collection":[{"href":"https:\/\/www.tucomarca.com\/wordpress\/segunda\/wp-json\/wp\/v2\/posts"}],"about":[{"href":"https:\/\/www.tucomarca.com\/wordpress\/segunda\/wp-json\/wp\/v2\/types\/post"}],"author":[{"embeddable":true,"href":"https:\/\/www.tucomarca.com\/wordpress\/segunda\/wp-json\/wp\/v2\/users\/12"}],"replies":[{"embeddable":true,"href":"https:\/\/www.tucomarca.com\/wordpress\/segunda\/wp-json\/wp\/v2\/comments?post=169829"}],"version-history":[{"count":0,"href":"https:\/\/www.tucomarca.com\/wordpress\/segunda\/wp-json\/wp\/v2\/posts\/169829\/revisions"}],"wp:featuredmedia":[{"embeddable":true,"href":"https:\/\/www.tucomarca.com\/wordpress\/segunda\/wp-json\/wp\/v2\/media\/169831"}],"wp:attachment":[{"href":"https:\/\/www.tucomarca.com\/wordpress\/segunda\/wp-json\/wp\/v2\/media?parent=169829"}],"wp:term":[{"taxonomy":"category","embeddable":true,"href":"https:\/\/www.tucomarca.com\/wordpress\/segunda\/wp-json\/wp\/v2\/categories?post=169829"},{"taxonomy":"post_tag","embeddable":true,"href":"https:\/\/www.tucomarca.com\/wordpress\/segunda\/wp-json\/wp\/v2\/tags?post=169829"}],"curies":[{"name":"wp","href":"https:\/\/api.w.org\/{rel}","templated":true}]}}