{"id":169921,"date":"2022-10-15T20:00:00","date_gmt":"2022-10-15T18:00:00","guid":{"rendered":"https:\/\/www.tucomarca.com\/wordpress\/segunda\/?p=169921"},"modified":"2022-10-17T17:35:03","modified_gmt":"2022-10-17T15:35:03","slug":"unas-2-000-personas-participan-en-la-ix-carrera-popular-la-ribera-contra-el-cancer","status":"publish","type":"post","link":"https:\/\/www.tucomarca.com\/wordpress\/segunda\/unas-2-000-personas-participan-en-la-ix-carrera-popular-la-ribera-contra-el-cancer\/","title":{"rendered":"Unas 2.000 personas participan en la IX Carrera Popular \u2018La Ribera contra el C\u00e1ncer\u2019"},"content":{"rendered":"\n<p>Unas 2.000 personas han tomado esta ma\u00f1ana las calles de Alzira en la novena edici\u00f3n de la Carrera Popular \u2018la Ribera contra el C\u00e1ncer\u2019, organizada en el marco del D\u00eda Mundial contra el C\u00e1ncer de Mama, que se celebra el pr\u00f3ximo mi\u00e9rcoles, 19 de octubre.<\/p>\n\n\n\n<p>Desde 2012, esta carrera es organizada anualmente por la asociaci\u00f3n Dones Afectades de C\u00e1ncer de Mama d\u2019Alzira (DACMA), en colaboraci\u00f3n con el Departamento de Salud de la Ribera, el Club de Atletismo La Rabosa y el Ayuntamiento de Alzira.<\/p>\n\n\n\n<p>El objetivo de esta carrera, que ha transcurrido por un circuito urbano de 4 kil\u00f3metros, es puramente ben\u00e9fico y sus beneficios se destinar\u00e1n a la lucha contra la enfermedad.<\/p>\n\n\n\n<p>La salida de la carrera ha sido dada por el alcalde de Alzira, Diego G\u00f3mez; el concejal de Actividad Deportiva, Fernando Pascual; la facultativa del Servicio de Oncolog\u00eda M\u00e9dica del Hospital de Alzira Rosa Monfort, y la presidenta de DACMA, Mariv\u00ed Ferragut, quienes tambi\u00e9n han participado en el recorrido.<\/p>\n","protected":false},"excerpt":{"rendered":"<div class=\"mh-excerpt\">Unas 2.000 personas han tomado esta ma\u00f1ana las calles de Alzira en la novena edici\u00f3n de la Carrera Popular \u2018la Ribera contra el C\u00e1ncer\u2019, organizada en el marco del D\u00eda Mundial contra el C\u00e1ncer de <a class=\"mh-excerpt-more\" href=\"https:\/\/www.tucomarca.com\/wordpress\/segunda\/unas-2-000-personas-participan-en-la-ix-carrera-popular-la-ribera-contra-el-cancer\/\" title=\"Unas 2.000 personas participan en la IX Carrera Popular \u2018La Ribera contra el C\u00e1ncer\u2019\">[+] <\/a><\/div>\n","protected":false},"author":12,"featured_media":169926,"comment_status":"open","ping_status":"open","sticky":false,"template":"","format":"standard","meta":{"footnotes":""},"categories":[69,98,119,6,8,42,3,45],"tags":[14092,18042,18043,1407],"class_list":{"0":"post-169921","1":"post","2":"type-post","3":"status-publish","4":"format-standard","5":"has-post-thumbnail","7":"category-alzira","8":"category-atletismo","9":"category-sanidad-la-comarca","10":"category-deportes","11":"category-la-comarca","12":"category-la-ribera","13":"category-seccion","14":"category-ventana","15":"tag-departamento-de-salud-de-la-ribera","16":"tag-ix-carrera-popular","17":"tag-la-ribera-contra-el-cancer","18":"tag-ribera-alta"},"_links":{"self":[{"href":"https:\/\/www.tucomarca.com\/wordpress\/segunda\/wp-json\/wp\/v2\/posts\/169921","targetHints":{"allow":["GET"]}}],"collection":[{"href":"https:\/\/www.tucomarca.com\/wordpress\/segunda\/wp-json\/wp\/v2\/posts"}],"about":[{"href":"https:\/\/www.tucomarca.com\/wordpress\/segunda\/wp-json\/wp\/v2\/types\/post"}],"author":[{"embeddable":true,"href":"https:\/\/www.tucomarca.com\/wordpress\/segunda\/wp-json\/wp\/v2\/users\/12"}],"replies":[{"embeddable":true,"href":"https:\/\/www.tucomarca.com\/wordpress\/segunda\/wp-json\/wp\/v2\/comments?post=169921"}],"version-history":[{"count":0,"href":"https:\/\/www.tucomarca.com\/wordpress\/segunda\/wp-json\/wp\/v2\/posts\/169921\/revisions"}],"wp:featuredmedia":[{"embeddable":true,"href":"https:\/\/www.tucomarca.com\/wordpress\/segunda\/wp-json\/wp\/v2\/media\/169926"}],"wp:attachment":[{"href":"https:\/\/www.tucomarca.com\/wordpress\/segunda\/wp-json\/wp\/v2\/media?parent=169921"}],"wp:term":[{"taxonomy":"category","embeddable":true,"href":"https:\/\/www.tucomarca.com\/wordpress\/segunda\/wp-json\/wp\/v2\/categories?post=169921"},{"taxonomy":"post_tag","embeddable":true,"href":"https:\/\/www.tucomarca.com\/wordpress\/segunda\/wp-json\/wp\/v2\/tags?post=169921"}],"curies":[{"name":"wp","href":"https:\/\/api.w.org\/{rel}","templated":true}]}}