{"id":16993,"date":"2013-08-05T15:28:01","date_gmt":"2013-08-05T12:28:01","guid":{"rendered":"http:\/\/www.tucomarca.com\/wordpress\/segunda\/?p=16993"},"modified":"2013-08-05T15:28:01","modified_gmt":"2013-08-05T12:28:01","slug":"las-bandas-de-el-camp-de-turia-reciben-66-850-euros-del-retrobem-la-nostra-musica-2013","status":"publish","type":"post","link":"https:\/\/www.tucomarca.com\/wordpress\/segunda\/las-bandas-de-el-camp-de-turia-reciben-66-850-euros-del-retrobem-la-nostra-musica-2013\/","title":{"rendered":"Las bandas de El Camp de T\u00faria reciben 66.850 euros del Retrobem la Nostra M\u00fasica 2013"},"content":{"rendered":"<p>La Diputaci\u00f3n de Valencia ha destinado en 2013, a trav\u00e9s de la campa\u00f1a\u00a0<em>Retrobem<\/em><em>la Nostra M\u00fasica<\/em>, un total de 66.850 euros a 29 sociedades musicales de El Camp de T\u00faria.<\/p>\n<p>El diputado provincial Crist\u00f3bal Grau ha subrayado que la Diputaci\u00f3n de Valencia reafirma su compromiso con la m\u00fasica mediante el impulso anual del Retrobem la Nostra M\u00fasica, un programa de ayudas directas y sostenibles que este a\u00f1o llega a su trig\u00e9sima cuarta edici\u00f3n con un presupuesto de 1.180.350 euros.<\/p>\n<p>Las ayudas destinadas a las agrupaciones de El Camp de T\u00faria, aprobadas seg\u00fan el n\u00famero de integrantes y el programa solicitado, oscilan entre 400 euros y 1.900 euros.<\/p>\n<p>Los importes concedidos por el \u00f3rgano de gobierno provincial van destinados a colaborar con las sociedades musicales en la celebraci\u00f3n de conciertos de m\u00fasica valenciana y subvenciones a las escuelas de educandos.<\/p>\n<p>Durante los \u00faltimos mandatos la corporaci\u00f3n provincial ha flexibilizado notablemente los requisitos para acceder a las ayudas econ\u00f3micas que ofrece esta campa\u00f1a musical.<\/p>\n<p>Las j\u00f3venes orquestas sinf\u00f3nicas y las orquestas de pulso y p\u00faa pueden acceder a las ayudas establecidas para la celebraci\u00f3n de conciertos de m\u00fasica compuesta por autores valencianos. Adem\u00e1s, desde 2008 el procedimiento telem\u00e1tico facilitado por la Diputaci\u00f3n de Valencia ha permitido agilizar la tramitaci\u00f3n de expedientes de la campa\u00f1a musical Retrobem la Nostra M\u00fasica para que las ayudas lleguen antes a las sociedades musicales.<\/p>\n<p><strong>EL CAMP DE T\u00daRIA<\/strong><\/p>\n<p><strong> 66.850 euros<\/strong><\/p>\n<table border=\"1\" cellspacing=\"0\" cellpadding=\"0\">\n<tbody>\n<tr>\n<td><strong>Solicitante<\/strong><\/td>\n<td><strong>Municipio<\/strong><\/td>\n<td><strong>Subv.<\/strong><\/td>\n<td><strong>Subcampa\u00f1a<\/strong><\/td>\n<\/tr>\n<tr>\n<td>UNI\u00d3 MUSICAL\u00a0 DE LLIRIA<\/td>\n<td>Ll\u00edria<\/td>\n<td>1900<\/td>\n<td>ESCUELAS EDUCANDOS<\/td>\n<\/tr>\n<tr>\n<td>UNI\u00d3 MUSICAL\u00a0 DE LLIRIA<\/td>\n<td>Ll\u00edria<\/td>\n<td>400<\/td>\n<td>CONCIERTO CORO<\/td>\n<\/tr>\n<tr>\n<td>UNI\u00d3 MUSICAL\u00a0 DE LLIRIA<\/td>\n<td>Ll\u00edria<\/td>\n<td>700<\/td>\n<td>CONCIERTO ORQUESTA SINFONICA JUVENIL<\/td>\n<\/tr>\n<tr>\n<td>UNI\u00d3 MUSICAL\u00a0 DE LLIRIA<\/td>\n<td>Ll\u00edria<\/td>\n<td>1200<\/td>\n<td>CONCIERTO BANDA DE MUSICA<\/td>\n<\/tr>\n<tr>\n<td>Associaci\u00f3 Cultural Xe que burr\u00e0 de Betera<\/td>\n<td>B\u00e9tera<\/td>\n<td>700<\/td>\n<td>GRUPOS DOL\u00c7AINA I TABAL<\/td>\n<\/tr>\n<tr>\n<td>Agrupaci\u00f3n Coral de Loriguilla<\/td>\n<td>Loriguilla<\/td>\n<td>800<\/td>\n<td>CONCIERTO CORO ESTABLECIDO<\/td>\n<\/tr>\n<tr>\n<td>SOCIEDAD MUSICAL SAN ANTONIO BENAGEBER<\/td>\n<td>San Antonio de Benageber<\/td>\n<td>1900<\/td>\n<td>ESCUELAS EDUCANDOS<\/td>\n<\/tr>\n<tr>\n<td>SOCIEDAD MUSICAL SAN ANTONIO BENAGEBER<\/td>\n<td>San Antonio de Benageber<\/td>\n<td>1200<\/td>\n<td>CONCIERTO BANDA DE MUSICA<\/td>\n<\/tr>\n<tr>\n<td>ASSOCIACI\u00d3 PENSAT I FET RONDALLA I BALLADORS DE BETERA<\/td>\n<td>B\u00e9tera<\/td>\n<td>800<\/td>\n<td>ORQUESTAS DE PULSO I PUA<\/td>\n<\/tr>\n<tr>\n<td>ATENEU MUSICAL I CULTURAL DE\u00a0 BENAGUASIL<\/td>\n<td>Benaguasil<\/td>\n<td>1900<\/td>\n<td>ESCUELAS EDUCANDOS<\/td>\n<\/tr>\n<tr>\n<td>ATENEU MUSICAL I CULTURAL DE\u00a0 BENAGUASIL<\/td>\n<td>Benaguasil<\/td>\n<td>400<\/td>\n<td>CONCIERTO CORO<\/td>\n<\/tr>\n<tr>\n<td>ATENEU MUSICAL I CULTURAL DE\u00a0 BENAGUASIL<\/td>\n<td>Benaguasil<\/td>\n<td>1200<\/td>\n<td>CONCIERTO BANDA DE MUSICA<\/td>\n<\/tr>\n<tr>\n<td>UNION MUSICAL CASINENSE<\/td>\n<td>Casinos<\/td>\n<td>1900<\/td>\n<td>ESCUELAS EDUCANDOS<\/td>\n<\/tr>\n<tr>\n<td>UNION MUSICAL CASINENSE<\/td>\n<td>Casinos<\/td>\n<td>1200<\/td>\n<td>CONCIERTO BANDA DE MUSICA<\/td>\n<\/tr>\n<tr>\n<td>SOCIEDAD MUSICAL\u00a0 LA FAMILIAR\u00a0 DE BENISANO<\/td>\n<td>Benisan\u00f3<\/td>\n<td>1750<\/td>\n<td>ESCUELAS EDUCANDOS<\/td>\n<\/tr>\n<tr>\n<td>SOCIEDAD MUSICAL\u00a0 LA FAMILIAR\u00a0 DE BENISANO<\/td>\n<td>Benisan\u00f3<\/td>\n<td>1600<\/td>\n<td>CONCIERTO BANDA DE MUSICA<\/td>\n<\/tr>\n<tr>\n<td>UNION MUSICAL DE L&#8217;ELIANA<\/td>\n<td>Eliana, l&#8217;<\/td>\n<td>1900<\/td>\n<td>ESCUELAS EDUCANDOS<\/td>\n<\/tr>\n<tr>\n<td>UNION MUSICAL DE L&#8217;ELIANA<\/td>\n<td>Eliana, l&#8217;<\/td>\n<td>400<\/td>\n<td>CONCIERTO CORO<\/td>\n<\/tr>\n<tr>\n<td>UNION MUSICAL DE L&#8217;ELIANA<\/td>\n<td>Eliana, l&#8217;<\/td>\n<td>700<\/td>\n<td>CONCIERTO ORQUESTA SINFONICA JUVENIL<\/td>\n<\/tr>\n<tr>\n<td>UNION MUSICAL DE L&#8217;ELIANA<\/td>\n<td>Eliana, l&#8217;<\/td>\n<td>1200<\/td>\n<td>CONCIERTO BANDA DE MUSICA<\/td>\n<\/tr>\n<tr>\n<td>UNI\u00d3 MUSICAL BENAGUASIL<\/td>\n<td>Benaguasil<\/td>\n<td>1900<\/td>\n<td>ESCUELAS EDUCANDOS<\/td>\n<\/tr>\n<tr>\n<td>UNI\u00d3 MUSICAL BENAGUASIL<\/td>\n<td>Benaguasil<\/td>\n<td>400<\/td>\n<td>CONCIERTO CORO<\/td>\n<\/tr>\n<tr>\n<td>UNI\u00d3 MUSICAL BENAGUASIL<\/td>\n<td>Benaguasil<\/td>\n<td>700<\/td>\n<td>CONCIERTO ORQUESTA SINFONICA JUVENIL<\/td>\n<\/tr>\n<tr>\n<td>UNI\u00d3 MUSICAL BENAGUASIL<\/td>\n<td>Benaguasil<\/td>\n<td>1200<\/td>\n<td>CONCIERTO BANDA DE MUSICA<\/td>\n<\/tr>\n<tr>\n<td>SDAD.MUSICAL STA.CECILIA DE NAQUERA<\/td>\n<td>N\u00e1quera<\/td>\n<td>1900<\/td>\n<td>ESCUELAS EDUCANDOS<\/td>\n<\/tr>\n<tr>\n<td>SDAD.MUSICAL STA.CECILIA DE NAQUERA<\/td>\n<td>N\u00e1quera<\/td>\n<td>1200<\/td>\n<td>CONCIERTO BANDA DE MUSICA<\/td>\n<\/tr>\n<tr>\n<td>SOCIEDAD UNI\u00d3N MUSICAL DE RIBARROJA DEL TURIA<\/td>\n<td>Riba-roja de T\u00faria<\/td>\n<td>1900<\/td>\n<td>ESCUELAS EDUCANDOS<\/td>\n<\/tr>\n<tr>\n<td>SOCIEDAD UNI\u00d3N MUSICAL DE RIBARROJA DEL TURIA<\/td>\n<td>Riba-roja de T\u00faria<\/td>\n<td>1600<\/td>\n<td>CONCIERTO BANDA DE MUSICA<\/td>\n<\/tr>\n<tr>\n<td>SDAD.MUSICAL LA MARINENSE<\/td>\n<td>Marines<\/td>\n<td>1900<\/td>\n<td>ESCUELAS EDUCANDOS<\/td>\n<\/tr>\n<tr>\n<td>SDAD.MUSICAL LA MARINENSE<\/td>\n<td>Marines<\/td>\n<td>1200<\/td>\n<td>CONCIERTO BANDA DE MUSICA<\/td>\n<\/tr>\n<tr>\n<td>Orquesta de plectro El Micalet de Ll\u00edria<\/td>\n<td>Ll\u00edria<\/td>\n<td>800<\/td>\n<td>ORQUESTAS DE PULSO I PUA<\/td>\n<\/tr>\n<tr>\n<td>Sociedad Musical San Juan Bautista de Loriguilla<\/td>\n<td>Loriguilla<\/td>\n<td>1200<\/td>\n<td>CONCIERTO BANDA DE MUSICA<\/td>\n<\/tr>\n<tr>\n<td>ATENEO MUSICAL Y DE ENSE\u00d1ANZA BANDA PRIMITIVA<\/td>\n<td>Ll\u00edria<\/td>\n<td>1900<\/td>\n<td>ESCUELAS EDUCANDOS<\/td>\n<\/tr>\n<tr>\n<td>ATENEO MUSICAL Y DE ENSE\u00d1ANZA BANDA PRIMITIVA<\/td>\n<td>Ll\u00edria<\/td>\n<td>400<\/td>\n<td>CONCIERTO CORO<\/td>\n<\/tr>\n<tr>\n<td>ATENEO MUSICAL Y DE ENSE\u00d1ANZA BANDA PRIMITIVA<\/td>\n<td>Ll\u00edria<\/td>\n<td>700<\/td>\n<td>CONCIERTO ORQUESTA SINFONICA JUVENIL<\/td>\n<\/tr>\n<tr>\n<td>ATENEO MUSICAL Y DE ENSE\u00d1ANZA BANDA PRIMITIVA<\/td>\n<td>Ll\u00edria<\/td>\n<td>1200<\/td>\n<td>CONCIERTO BANDA DE MUSICA<\/td>\n<\/tr>\n<tr>\n<td>SDAD.MUSICAL STA.CECILIA DE GATOVA<\/td>\n<td>G\u00e1tova<\/td>\n<td>1600<\/td>\n<td>ESCUELAS EDUCANDOS<\/td>\n<\/tr>\n<tr>\n<td>SDAD.MUSICAL STA.CECILIA DE GATOVA<\/td>\n<td>G\u00e1tova<\/td>\n<td>1200<\/td>\n<td>CONCIERTO BANDA DE MUSICA<\/td>\n<\/tr>\n<tr>\n<td>CENTRE ART\u00cdSTIC MUSICAL DE B\u00c9TERA<\/td>\n<td>B\u00e9tera<\/td>\n<td>1900<\/td>\n<td>ESCUELAS EDUCANDOS<\/td>\n<\/tr>\n<tr>\n<td>CENTRE ART\u00cdSTIC MUSICAL DE B\u00c9TERA<\/td>\n<td>B\u00e9tera<\/td>\n<td>400<\/td>\n<td>CONCIERTO CORO<\/td>\n<\/tr>\n<tr>\n<td>CENTRE ART\u00cdSTIC MUSICAL DE B\u00c9TERA<\/td>\n<td>B\u00e9tera<\/td>\n<td>700<\/td>\n<td>CONCIERTO ORQUESTA SINFONICA JUVENIL<\/td>\n<\/tr>\n<tr>\n<td>CENTRE ART\u00cdSTIC MUSICAL DE B\u00c9TERA<\/td>\n<td>B\u00e9tera<\/td>\n<td>1200<\/td>\n<td>CONCIERTO BANDA DE MUSICA<\/td>\n<\/tr>\n<tr>\n<td>COR DE L&#8217;ELIANA<\/td>\n<td>Eliana, l&#8217;<\/td>\n<td>800<\/td>\n<td>CONCIERTO CORO ESTABLECIDO<\/td>\n<\/tr>\n<tr>\n<td>CORPORACION MUSICAL DE LA POBLA DE VALLBONA<\/td>\n<td>Pobla de Vallbona, la<\/td>\n<td>400<\/td>\n<td>CONCIERTO CORO<\/td>\n<\/tr>\n<tr>\n<td>CORPORACION MUSICAL DE LA POBLA DE VALLBONA<\/td>\n<td>Pobla de Vallbona, la<\/td>\n<td>700<\/td>\n<td>CONCIERTO ORQUESTA SINFONICA JUVENIL<\/td>\n<\/tr>\n<tr>\n<td>CORPORACION MUSICAL DE LA POBLA DE VALLBONA<\/td>\n<td>Pobla de Vallbona, la<\/td>\n<td>1200<\/td>\n<td>CONCIERTO BANDA DE MUSICA<\/td>\n<\/tr>\n<tr>\n<td>Sociedad Musical La Primitiva de Serra<\/td>\n<td>Serra<\/td>\n<td>1750<\/td>\n<td>ESCUELAS EDUCANDOS<\/td>\n<\/tr>\n<tr>\n<td>Sociedad Musical La Primitiva de Serra<\/td>\n<td>Serra<\/td>\n<td>1200<\/td>\n<td>CONCIERTO BANDA DE MUSICA<\/td>\n<\/tr>\n<tr>\n<td>Grup Polif\u00f2nic de Benaguasil<\/td>\n<td>Benaguasil<\/td>\n<td>800<\/td>\n<td>CONCIERTO CORO ESTABLECIDO<\/td>\n<\/tr>\n<tr>\n<td>AGRUP.MUSICAL EDETANA VTE.GIMENEZ DE LLIRIA<\/td>\n<td>Ll\u00edria<\/td>\n<td>800<\/td>\n<td>ORQUESTAS DE PULSO I PUA<\/td>\n<\/tr>\n<tr>\n<td>UNIO MUSICAL DE SERRA<\/td>\n<td>Serra<\/td>\n<td>1750<\/td>\n<td>ESCUELAS EDUCANDOS<\/td>\n<\/tr>\n<tr>\n<td>UNION MUSICAL DE VILAMARXANT<\/td>\n<td>Vilamarxant<\/td>\n<td>700<\/td>\n<td>CONCIERTO ORQUESTA SINFONICA JUVENIL<\/td>\n<\/tr>\n<tr>\n<td>UNION MUSICAL DE VILAMARXANT<\/td>\n<td>Vilamarxant<\/td>\n<td>1200<\/td>\n<td>CONCIERTO BANDA DE MUSICA<\/td>\n<\/tr>\n<tr>\n<td>CORAL RENAIXER<\/td>\n<td>Vilamarxant<\/td>\n<td>800<\/td>\n<td>CONCIERTO CORO ESTABLECIDO<\/td>\n<\/tr>\n<tr>\n<td>Banda Musical U.D.P. Lliria-Camp de Turia-Serranos<\/td>\n<td>Ll\u00edria<\/td>\n<td>1200<\/td>\n<td>CONCIERTO BANDA DE MUSICA<\/td>\n<\/tr>\n<tr>\n<td>SOCIEDAD CORAL SAN ANTONIO DE BENAGEBER<\/td>\n<td>San Antonio de Benageber<\/td>\n<td>800<\/td>\n<td>CONCIERTO CORO ESTABLECIDO<\/td>\n<\/tr>\n<tr>\n<td>Colla de dol\u00e7ainers i tabaleters del Camp de Turia de Benaguasil<\/td>\n<td>Benaguasil<\/td>\n<td>700<\/td>\n<td>GRUPOS DOL\u00c7AINA I TABAL<\/td>\n<\/tr>\n<tr>\n<td>UNIO MUSICAL DE SERRA<\/td>\n<td>Serra<\/td>\n<td>1200<\/td>\n<td>CONCIERTO BANDA DE MUSICA<\/td>\n<\/tr>\n<\/tbody>\n<\/table>\n<p>&nbsp;<\/p>\n","protected":false},"excerpt":{"rendered":"<div class=\"mh-excerpt\">La Diputaci\u00f3n de Valencia ha destinado en 2013, a trav\u00e9s de la campa\u00f1a\u00a0Retrobemla Nostra M\u00fasica, un total de 66.850 euros a 29 sociedades musicales de El Camp de T\u00faria. El diputado provincial Crist\u00f3bal Grau ha <a class=\"mh-excerpt-more\" href=\"https:\/\/www.tucomarca.com\/wordpress\/segunda\/las-bandas-de-el-camp-de-turia-reciben-66-850-euros-del-retrobem-la-nostra-musica-2013\/\" title=\"Las bandas de El Camp de T\u00faria reciben 66.850 euros del Retrobem la Nostra M\u00fasica 2013\">[+] <\/a><\/div>\n","protected":false},"author":1,"featured_media":0,"comment_status":"open","ping_status":"open","sticky":false,"template":"","format":"standard","meta":{"footnotes":""},"categories":[172,237,51,46,66,175,176,177,174,47,178,179,180,7,182,183,3,76],"tags":[],"class_list":{"0":"post-16993","1":"post","2":"type-post","3":"status-publish","4":"format-standard","6":"category-benaguasil","7":"category-benisano","8":"category-betera","9":"category-camp-de-turia","10":"category-musica","11":"category-casinos","12":"category-gatova","13":"category-leliana","14":"category-la-pobla","15":"category-lliria","16":"category-loriguilla","17":"category-marines","18":"category-naquera","19":"category-ocio-y-cultura","20":"category-riba-roja","21":"category-san-antonio-de-benageber","22":"category-seccion","23":"category-serra"},"_links":{"self":[{"href":"https:\/\/www.tucomarca.com\/wordpress\/segunda\/wp-json\/wp\/v2\/posts\/16993","targetHints":{"allow":["GET"]}}],"collection":[{"href":"https:\/\/www.tucomarca.com\/wordpress\/segunda\/wp-json\/wp\/v2\/posts"}],"about":[{"href":"https:\/\/www.tucomarca.com\/wordpress\/segunda\/wp-json\/wp\/v2\/types\/post"}],"author":[{"embeddable":true,"href":"https:\/\/www.tucomarca.com\/wordpress\/segunda\/wp-json\/wp\/v2\/users\/1"}],"replies":[{"embeddable":true,"href":"https:\/\/www.tucomarca.com\/wordpress\/segunda\/wp-json\/wp\/v2\/comments?post=16993"}],"version-history":[{"count":0,"href":"https:\/\/www.tucomarca.com\/wordpress\/segunda\/wp-json\/wp\/v2\/posts\/16993\/revisions"}],"wp:attachment":[{"href":"https:\/\/www.tucomarca.com\/wordpress\/segunda\/wp-json\/wp\/v2\/media?parent=16993"}],"wp:term":[{"taxonomy":"category","embeddable":true,"href":"https:\/\/www.tucomarca.com\/wordpress\/segunda\/wp-json\/wp\/v2\/categories?post=16993"},{"taxonomy":"post_tag","embeddable":true,"href":"https:\/\/www.tucomarca.com\/wordpress\/segunda\/wp-json\/wp\/v2\/tags?post=16993"}],"curies":[{"name":"wp","href":"https:\/\/api.w.org\/{rel}","templated":true}]}}