{"id":16996,"date":"2013-08-05T15:30:33","date_gmt":"2013-08-05T12:30:33","guid":{"rendered":"http:\/\/www.tucomarca.com\/wordpress\/segunda\/?p=16996"},"modified":"2013-08-05T15:30:33","modified_gmt":"2013-08-05T12:30:33","slug":"anna-emplea-los-fondos-del-ppos-2013-para-mejorar-el-ahorro-energetico","status":"publish","type":"post","link":"https:\/\/www.tucomarca.com\/wordpress\/segunda\/anna-emplea-los-fondos-del-ppos-2013-para-mejorar-el-ahorro-energetico\/","title":{"rendered":"Anna emplea los fondos del PPOS 2013 para mejorar el ahorro energ\u00e9tico"},"content":{"rendered":"<p>La corporaci\u00f3n que preside Alfonso Rus subvencionar\u00e1 tres mejoras en los servicios p\u00fablicos en Anna a trav\u00e9s de\u00a0Plan Provincial de Obras y Servicios (PPOS 2013) de la Diputaci\u00f3n de Valencia<\/p>\n<p>Los proyectos consistir\u00e1n en la colocaci\u00f3n de bombillas LED, la implantaci\u00f3n de un sistema de megafon\u00eda en el municipio y la instalaci\u00f3n de un aparato electr\u00f3nico de radiofrecuencia en la balsa del Charal. Para llevar a cabo estas reformas, el\u00a0Ayuntamiento de Anna contar\u00e1 con un presupuesto de 56.727 euros, que se dividir\u00e1n en 23.738 euros, 30.216 euros y 2.772 euros respectivamente.<\/p>\n<p>La primera partida servir\u00e1 para finalizar el Plan PEEAP 2012, un proyecto subvencionado por la Diputaci\u00f3n para fomentar la colocaci\u00f3n de bombillas LED en los municipios de la provincia. El \u00faltimo tercio de bombillas ser\u00e1 instalado en el casco urbano del municipio y en calles estrechas, donde es m\u00e1s f\u00e1cil disminuir gastos. Anna apuesta as\u00ed por reducir el consumo de energ\u00eda en el alumbrado p\u00fablico y ahorrar en el recibido de la luz del Ayuntamiento.<\/p>\n<p>La segunda reforma que financiar\u00e1 el Plan PPOS 2013 ser\u00e1 la implantaci\u00f3n de altavoces en diferentes puntos del municipio para difundir los bandos municipales. \u201cLa comunicaci\u00f3n entre el ayuntamiento y los ciudadanos no es muy buena y con este nuevo sistema esperamos podemos informar a todos los vecinos de las actividades municipales\u201d, se\u00f1alaba el alcalde de la localidad, Miguel Adri\u00e1n Ram\u00edrez.<\/p>\n<p>Este nuevo sistema se completar\u00e1 con la colocaci\u00f3n de varias c\u00e1maras de detecci\u00f3n en la v\u00eda p\u00fablica con la finalidad de controlar el tr\u00e1fico y garantizar el correcto funcionamiento de la circulaci\u00f3n. Ram\u00edrez espera que el sistema est\u00e9 operativo para las fiestas de municipio, que empiezan el d\u00eda 20 de septiembre, con una frecuencia de uso de 2 \u00f3 3 veces al d\u00eda.<\/p>\n<p>La tercera y \u00faltima inversi\u00f3n ir\u00e1 destinada a la instalaci\u00f3n de un aparato electr\u00f3nico para controlar el nivel de llenado de la balsa del Charal por radiofrecuencia. Con la mecanizaci\u00f3n del sistema de control de la balsa, el sistema h\u00eddrico de Anna ganar\u00e1 rapidez y eficacia, ya que hasta la fecha un operario municipal deb\u00eda desplazarse hasta el lugar cada seis horas con el fin de controlar el estado de la charca.<\/p>\n<p>El primer edil ha querido subrayar el f\u00e9rreo compromiso de la Diputaci\u00f3n de Valencia a la hora de acoplar los planes de la instituci\u00f3n en funci\u00f3n de las necesidades de los municipios de la provincia. \u201cPr\u00e1cticamente s\u00f3lo nos llega dinero de la Diputaci\u00f3n y nos ofrecen una gran flexibilidad a la hora de pedir\u201d, ha matizado Ram\u00edrez.<\/p>\n","protected":false},"excerpt":{"rendered":"<div class=\"mh-excerpt\">La corporaci\u00f3n que preside Alfonso Rus subvencionar\u00e1 tres mejoras en los servicios p\u00fablicos en Anna a trav\u00e9s de\u00a0Plan Provincial de Obras y Servicios (PPOS 2013) de la Diputaci\u00f3n de Valencia Los proyectos consistir\u00e1n en la <a class=\"mh-excerpt-more\" href=\"https:\/\/www.tucomarca.com\/wordpress\/segunda\/anna-emplea-los-fondos-del-ppos-2013-para-mejorar-el-ahorro-energetico\/\" title=\"Anna emplea los fondos del PPOS 2013 para mejorar el ahorro energ\u00e9tico\">[+] <\/a><\/div>\n","protected":false},"author":1,"featured_media":0,"comment_status":"open","ping_status":"open","sticky":false,"template":"","format":"standard","meta":{"footnotes":""},"categories":[78,128,70,8,3],"tags":[],"class_list":{"0":"post-16996","1":"post","2":"type-post","3":"status-publish","4":"format-standard","6":"category-anna","7":"category-infraestructuras","8":"category-la-canal-de-navarres","9":"category-la-comarca","10":"category-seccion"},"_links":{"self":[{"href":"https:\/\/www.tucomarca.com\/wordpress\/segunda\/wp-json\/wp\/v2\/posts\/16996","targetHints":{"allow":["GET"]}}],"collection":[{"href":"https:\/\/www.tucomarca.com\/wordpress\/segunda\/wp-json\/wp\/v2\/posts"}],"about":[{"href":"https:\/\/www.tucomarca.com\/wordpress\/segunda\/wp-json\/wp\/v2\/types\/post"}],"author":[{"embeddable":true,"href":"https:\/\/www.tucomarca.com\/wordpress\/segunda\/wp-json\/wp\/v2\/users\/1"}],"replies":[{"embeddable":true,"href":"https:\/\/www.tucomarca.com\/wordpress\/segunda\/wp-json\/wp\/v2\/comments?post=16996"}],"version-history":[{"count":0,"href":"https:\/\/www.tucomarca.com\/wordpress\/segunda\/wp-json\/wp\/v2\/posts\/16996\/revisions"}],"wp:attachment":[{"href":"https:\/\/www.tucomarca.com\/wordpress\/segunda\/wp-json\/wp\/v2\/media?parent=16996"}],"wp:term":[{"taxonomy":"category","embeddable":true,"href":"https:\/\/www.tucomarca.com\/wordpress\/segunda\/wp-json\/wp\/v2\/categories?post=16996"},{"taxonomy":"post_tag","embeddable":true,"href":"https:\/\/www.tucomarca.com\/wordpress\/segunda\/wp-json\/wp\/v2\/tags?post=16996"}],"curies":[{"name":"wp","href":"https:\/\/api.w.org\/{rel}","templated":true}]}}