{"id":16998,"date":"2013-08-05T19:10:52","date_gmt":"2013-08-05T16:10:52","guid":{"rendered":"http:\/\/www.tucomarca.com\/wordpress\/segunda\/?p=16998"},"modified":"2013-08-05T19:10:52","modified_gmt":"2013-08-05T16:10:52","slug":"34-instrumentos-para-13-bandas-y-un-coro-de-la-plana-utiel-requena","status":"publish","type":"post","link":"https:\/\/www.tucomarca.com\/wordpress\/segunda\/34-instrumentos-para-13-bandas-y-un-coro-de-la-plana-utiel-requena\/","title":{"rendered":"34 instrumentos para 13 bandas y un coro de La Plana Utiel-Requena"},"content":{"rendered":"<p>La Diputaci\u00f3n de Valencia entregar\u00e1 34 instrumentos musicales a 13 bandas y un coro de la comarca de La Plana Utiel-Requena.<\/p>\n<p>La entrega de instrumentos musicales es un novedoso sistema de colaboraci\u00f3n, articulado por la Diputaci\u00f3n de Valencia desde 2010, que permite optimizar gastos y maximizar recursos.<\/p>\n<p>El programa, dotado con 560.756 euros, distribuir\u00e1 en 2013 y 2014 alrededor de 800 instrumentos musicales a aquellas sociedades y corales que lo solicitaron y cuya relaci\u00f3n completa fue ratificada por la Junta de Gobierno de la instituci\u00f3n provincial.<\/p>\n<p>Crist\u00f3bal Grau, diputado provincial de Teatros y M\u00fasica, destac\u00f3 el esfuerzo inversor de la Diputaci\u00f3n para materializar \u201cla entrega de instrumentos cuya finalidad es afianzar el apoyo que la Diputaci\u00f3n presta a las bandas de m\u00fasica\u201d.<\/p>\n<p><strong>Instrumentos gratis<\/strong><\/p>\n<p>La Diputaci\u00f3n entrega, con car\u00e1cter gratuito y financiaci\u00f3n total, los instrumentos solicitados por las bandas de m\u00fasica de la provincia pertenecientes a la Federaci\u00f3n de Sociedades Musicales de la Comunidad Valenciana y por las corales pertenecientes a la Federaci\u00f3n de Coros, hasta un importe m\u00e1ximo de 2.000 euros para bandas y 450 euros, en caso de tratarse de una coral.<\/p>\n<p>El coro admitido en el programa es la Masa Coral Utielana y las 13 bandas de La Plana Utiel-Requena incluidas en la convocatoria son: Uni\u00f3n Musical Mar Chica, Asoc. Cult. Banda de M\u00fasica El \u00c1ngel de Caudete de las Fuentes, Sociedad Musical Santa Cecilia de Chera, Uni\u00f3n Musical de Fuenterrobles, Sdad. Musical La Arm\u00f3nica de San Antonio de Requena, Uni\u00f3n Musical El Arte, Agrup. Musical Las Cuevas de Utiel, Asociaci\u00f3n M\u00fasico Cultural Ciudad de Utiel, Centro Musical Los Corrales, Uni\u00f3n Musical Utielana, Uni\u00f3n Musical Venta del Moro y Uni\u00f3n Musical San Roque de Villagordo del Cabriel.<\/p>\n","protected":false},"excerpt":{"rendered":"<div class=\"mh-excerpt\">La Diputaci\u00f3n de Valencia entregar\u00e1 34 instrumentos musicales a 13 bandas y un coro de la comarca de La Plana Utiel-Requena. La entrega de instrumentos musicales es un novedoso sistema de colaboraci\u00f3n, articulado por la <a class=\"mh-excerpt-more\" href=\"https:\/\/www.tucomarca.com\/wordpress\/segunda\/34-instrumentos-para-13-bandas-y-un-coro-de-la-plana-utiel-requena\/\" title=\"34 instrumentos para 13 bandas y un coro de La Plana Utiel-Requena\">[+] <\/a><\/div>\n","protected":false},"author":1,"featured_media":0,"comment_status":"open","ping_status":"open","sticky":false,"template":"","format":"standard","meta":{"footnotes":""},"categories":[66,37,138,139,111,7,28,27,140,29,234,120],"tags":[],"class_list":{"0":"post-16998","1":"post","2":"type-post","3":"status-publish","4":"format-standard","6":"category-musica","7":"category-caudete","8":"category-chera","9":"category-fuenterrobles","10":"category-las-cuevas","11":"category-ocio-y-cultura","12":"category-requena","13":"category-requena-utiel","14":"category-san-antonio","15":"category-utiel","16":"category-venta-del-moro","17":"category-villargordo-del-cabriel"},"_links":{"self":[{"href":"https:\/\/www.tucomarca.com\/wordpress\/segunda\/wp-json\/wp\/v2\/posts\/16998","targetHints":{"allow":["GET"]}}],"collection":[{"href":"https:\/\/www.tucomarca.com\/wordpress\/segunda\/wp-json\/wp\/v2\/posts"}],"about":[{"href":"https:\/\/www.tucomarca.com\/wordpress\/segunda\/wp-json\/wp\/v2\/types\/post"}],"author":[{"embeddable":true,"href":"https:\/\/www.tucomarca.com\/wordpress\/segunda\/wp-json\/wp\/v2\/users\/1"}],"replies":[{"embeddable":true,"href":"https:\/\/www.tucomarca.com\/wordpress\/segunda\/wp-json\/wp\/v2\/comments?post=16998"}],"version-history":[{"count":0,"href":"https:\/\/www.tucomarca.com\/wordpress\/segunda\/wp-json\/wp\/v2\/posts\/16998\/revisions"}],"wp:attachment":[{"href":"https:\/\/www.tucomarca.com\/wordpress\/segunda\/wp-json\/wp\/v2\/media?parent=16998"}],"wp:term":[{"taxonomy":"category","embeddable":true,"href":"https:\/\/www.tucomarca.com\/wordpress\/segunda\/wp-json\/wp\/v2\/categories?post=16998"},{"taxonomy":"post_tag","embeddable":true,"href":"https:\/\/www.tucomarca.com\/wordpress\/segunda\/wp-json\/wp\/v2\/tags?post=16998"}],"curies":[{"name":"wp","href":"https:\/\/api.w.org\/{rel}","templated":true}]}}