{"id":17000,"date":"2013-08-05T19:14:39","date_gmt":"2013-08-05T16:14:39","guid":{"rendered":"http:\/\/www.tucomarca.com\/wordpress\/segunda\/?p=17000"},"modified":"2013-08-05T19:14:39","modified_gmt":"2013-08-05T16:14:39","slug":"un-total-de-8-000-velas-iluminaron-titaguas","status":"publish","type":"post","link":"https:\/\/www.tucomarca.com\/wordpress\/segunda\/un-total-de-8-000-velas-iluminaron-titaguas\/","title":{"rendered":"Un total de 8.000 velas iluminaron Titaguas"},"content":{"rendered":"<figure id=\"attachment_17001\" aria-describedby=\"caption-attachment-17001\" style=\"width: 300px\" class=\"wp-caption alignleft\"><a href=\"https:\/\/www.tucomarca.com\/wordpress\/segunda\/wp-content\/uploads\/2013\/08\/velas.jpg\"><img loading=\"lazy\" decoding=\"async\" class=\"size-medium wp-image-17001\" title=\"velas\" src=\"https:\/\/www.tucomarca.com\/wordpress\/segunda\/wp-content\/uploads\/2013\/08\/velas-300x225.jpg\" alt=\"Una imagen de la noche de las velas en Titaguas.\" width=\"300\" height=\"225\" srcset=\"https:\/\/www.tucomarca.com\/wordpress\/segunda\/wp-content\/uploads\/2013\/08\/velas-300x225.jpg 300w, https:\/\/www.tucomarca.com\/wordpress\/segunda\/wp-content\/uploads\/2013\/08\/velas-1024x768.jpg 1024w, https:\/\/www.tucomarca.com\/wordpress\/segunda\/wp-content\/uploads\/2013\/08\/velas.jpg 1600w\" sizes=\"auto, (max-width: 300px) 100vw, 300px\" \/><\/a><figcaption id=\"caption-attachment-17001\" class=\"wp-caption-text\">Una imagen de la noche de las velas en Titaguas.<\/figcaption><\/figure>\n<p>El Ayuntamiento de Titaguas, con la colaboraci\u00f3n del Patronato Provincial de Turismo Val\u00e8ncia, Terra i Mar, celebr\u00f3 el pasado s\u00e1bado la Noche de las Velas.<\/p>\n<p>La Noche de las velas de Titaguas fue un evento cultural y tur\u00edstico diferente para el verano al que acudieron unas 4000 personas y sirvi\u00f3 para dinamizar los establecimientos y negocios del municipio.<\/p>\n<p>Un circuito urbano nocturno con las luces apagadas e iluminado en todo su recorrido \u00fanicamente por velas, que dio luz a las calles, no s\u00f3lo desde el suelo sino tambi\u00e9n desde los balcones y ventanas de las casas, sobre cuyas fachadas se proyectaron im\u00e1genes.<\/p>\n<p>&nbsp;<\/p>\n","protected":false},"excerpt":{"rendered":"<div class=\"mh-excerpt\">El Ayuntamiento de Titaguas, con la colaboraci\u00f3n del Patronato Provincial de Turismo Val\u00e8ncia, Terra i Mar, celebr\u00f3 el pasado s\u00e1bado la Noche de las Velas. La Noche de las velas de Titaguas fue un evento <a class=\"mh-excerpt-more\" href=\"https:\/\/www.tucomarca.com\/wordpress\/segunda\/un-total-de-8-000-velas-iluminaron-titaguas\/\" title=\"Un total de 8.000 velas iluminaron Titaguas\">[+] <\/a><\/div>\n","protected":false},"author":1,"featured_media":17001,"comment_status":"open","ping_status":"open","sticky":false,"template":"","format":"standard","meta":{"footnotes":""},"categories":[5,59,383,3,189,45],"tags":[],"class_list":{"0":"post-17000","1":"post","2":"type-post","3":"status-publish","4":"format-standard","5":"has-post-thumbnail","7":"category-la-semana-en-imagenes","8":"category-los-serranos","9":"category-pueblos-en-fiestas","10":"category-seccion","11":"category-titaguas","12":"category-ventana"},"_links":{"self":[{"href":"https:\/\/www.tucomarca.com\/wordpress\/segunda\/wp-json\/wp\/v2\/posts\/17000","targetHints":{"allow":["GET"]}}],"collection":[{"href":"https:\/\/www.tucomarca.com\/wordpress\/segunda\/wp-json\/wp\/v2\/posts"}],"about":[{"href":"https:\/\/www.tucomarca.com\/wordpress\/segunda\/wp-json\/wp\/v2\/types\/post"}],"author":[{"embeddable":true,"href":"https:\/\/www.tucomarca.com\/wordpress\/segunda\/wp-json\/wp\/v2\/users\/1"}],"replies":[{"embeddable":true,"href":"https:\/\/www.tucomarca.com\/wordpress\/segunda\/wp-json\/wp\/v2\/comments?post=17000"}],"version-history":[{"count":0,"href":"https:\/\/www.tucomarca.com\/wordpress\/segunda\/wp-json\/wp\/v2\/posts\/17000\/revisions"}],"wp:featuredmedia":[{"embeddable":true,"href":"https:\/\/www.tucomarca.com\/wordpress\/segunda\/wp-json\/wp\/v2\/media\/17001"}],"wp:attachment":[{"href":"https:\/\/www.tucomarca.com\/wordpress\/segunda\/wp-json\/wp\/v2\/media?parent=17000"}],"wp:term":[{"taxonomy":"category","embeddable":true,"href":"https:\/\/www.tucomarca.com\/wordpress\/segunda\/wp-json\/wp\/v2\/categories?post=17000"},{"taxonomy":"post_tag","embeddable":true,"href":"https:\/\/www.tucomarca.com\/wordpress\/segunda\/wp-json\/wp\/v2\/tags?post=17000"}],"curies":[{"name":"wp","href":"https:\/\/api.w.org\/{rel}","templated":true}]}}