{"id":1701,"date":"2012-05-15T11:45:50","date_gmt":"2012-05-15T10:45:50","guid":{"rendered":"http:\/\/www.tucomarca.com\/wordpress\/segunda\/?p=1701"},"modified":"2012-05-15T11:45:50","modified_gmt":"2012-05-15T10:45:50","slug":"el-cd-utiel-se-proclama-campeon-del-grupo-ii-de-regional-preferente","status":"publish","type":"post","link":"https:\/\/www.tucomarca.com\/wordpress\/segunda\/el-cd-utiel-se-proclama-campeon-del-grupo-ii-de-regional-preferente\/","title":{"rendered":"El CD Utiel se proclama campe\u00f3n del grupo II de Regional Preferente"},"content":{"rendered":"<p>&nbsp;<\/p>\n<p>El empate a 2 cosechado el pasado fin de semana en La Celadilla daba matem\u00e1ticamente el campeonato de liga al CD Utiel tras un campeonato muy serio en el que los rojinegros han demostrado todo su potencial.<\/p>\n<p>Aunque en el \u00faltimo duelo no pudieron conservar la clara ventaja de 2 goles a 0, lo cierto es que el equipo jugar\u00e1 la Promoci\u00f3n de Ascenso con los deberes hechos y con las ideas muy claras, algo siempre importante para conseguir el objetivo, el ascenso.<\/p>\n<p>Como no pod\u00eda ser de otra forma, los jugadores y afici\u00f3n celebraron sobre el mismo campo la consecuci\u00f3n de esta intensa liga que posteriormente se celebr\u00f3 por las calles de la poblaci\u00f3n.<\/p>\n","protected":false},"excerpt":{"rendered":"<div class=\"mh-excerpt\">&nbsp; El empate a 2 cosechado el pasado fin de semana en La Celadilla daba matem\u00e1ticamente el campeonato de liga al CD Utiel tras un campeonato muy serio en el que los rojinegros han demostrado <a class=\"mh-excerpt-more\" href=\"https:\/\/www.tucomarca.com\/wordpress\/segunda\/el-cd-utiel-se-proclama-campeon-del-grupo-ii-de-regional-preferente\/\" title=\"El CD Utiel se proclama campe\u00f3n del grupo II de Regional Preferente\">[+] <\/a><\/div>\n","protected":false},"author":2,"featured_media":0,"comment_status":"open","ping_status":"open","sticky":false,"template":"","format":"standard","meta":{"footnotes":""},"categories":[50,6,27,3,29],"tags":[],"class_list":{"0":"post-1701","1":"post","2":"type-post","3":"status-publish","4":"format-standard","6":"category-futbol-deportes","7":"category-deportes","8":"category-requena-utiel","9":"category-seccion","10":"category-utiel"},"_links":{"self":[{"href":"https:\/\/www.tucomarca.com\/wordpress\/segunda\/wp-json\/wp\/v2\/posts\/1701","targetHints":{"allow":["GET"]}}],"collection":[{"href":"https:\/\/www.tucomarca.com\/wordpress\/segunda\/wp-json\/wp\/v2\/posts"}],"about":[{"href":"https:\/\/www.tucomarca.com\/wordpress\/segunda\/wp-json\/wp\/v2\/types\/post"}],"author":[{"embeddable":true,"href":"https:\/\/www.tucomarca.com\/wordpress\/segunda\/wp-json\/wp\/v2\/users\/2"}],"replies":[{"embeddable":true,"href":"https:\/\/www.tucomarca.com\/wordpress\/segunda\/wp-json\/wp\/v2\/comments?post=1701"}],"version-history":[{"count":0,"href":"https:\/\/www.tucomarca.com\/wordpress\/segunda\/wp-json\/wp\/v2\/posts\/1701\/revisions"}],"wp:attachment":[{"href":"https:\/\/www.tucomarca.com\/wordpress\/segunda\/wp-json\/wp\/v2\/media?parent=1701"}],"wp:term":[{"taxonomy":"category","embeddable":true,"href":"https:\/\/www.tucomarca.com\/wordpress\/segunda\/wp-json\/wp\/v2\/categories?post=1701"},{"taxonomy":"post_tag","embeddable":true,"href":"https:\/\/www.tucomarca.com\/wordpress\/segunda\/wp-json\/wp\/v2\/tags?post=1701"}],"curies":[{"name":"wp","href":"https:\/\/api.w.org\/{rel}","templated":true}]}}