{"id":170212,"date":"2022-10-18T16:00:00","date_gmt":"2022-10-18T14:00:00","guid":{"rendered":"https:\/\/www.tucomarca.com\/wordpress\/segunda\/?p=170212"},"modified":"2022-10-18T20:14:06","modified_gmt":"2022-10-18T18:14:06","slug":"el-ayuntamiento-de-benaguasil-organiza-el-evento-el-impacto-de-la-politica-de-cohesion-en-municipios-pequenos","status":"publish","type":"post","link":"https:\/\/www.tucomarca.com\/wordpress\/segunda\/el-ayuntamiento-de-benaguasil-organiza-el-evento-el-impacto-de-la-politica-de-cohesion-en-municipios-pequenos\/","title":{"rendered":"<strong>El ayuntamiento de Benaguasil organiza el evento \u201cEl impacto de la pol\u00edtica de cohesi\u00f3n en municipios peque\u00f1os\u201d<\/strong>"},"content":{"rendered":"\n<h3 class=\"wp-block-heading\"><strong>El evento, que se celebrar\u00e1 en el marco de la Semana Europea de las Regiones, tendr\u00e1 lugar el mi\u00e9rcoles 19 de octubre en formato online.&nbsp;<\/strong><\/h3>\n\n\n\n<h3 class=\"wp-block-heading\"><strong>Los municipios debatir\u00e1n sobre la importancia de los fondos europeos para su desarrollo&nbsp;<\/strong><\/h3>\n\n\n\n<h3 class=\"wp-block-heading\"><strong>Se contar\u00e1n las experiencias de los municipios de Benaguasil, Guardistallo (Italia) y Botosani (Rumania)&nbsp;<\/strong><\/h3>\n\n\n\n<p>El Ayuntamiento de Benaguasil organiza, este mi\u00e9rcoles 19 de octubre de 11h a 13h, el evento online \u201cEl impacto de la pol\u00edtica de cohesi\u00f3n en municipios peque\u00f1os\u201d. El encuentro se desarrolla en el marco de la <strong>Semana Europea de las Regiones y las Ciudades<\/strong>, que este a\u00f1o tiene como lema \u201cNuevos retos para la cohesi\u00f3n de Europa\u201d, prestando especial atenci\u00f3n al papel que desempe\u00f1a la pol\u00edtica de cohesi\u00f3n en la recuperaci\u00f3n sostenible de Europa.<\/p>\n\n\n\n<p>El webinario servir\u00e1 para abordar el desarrollo que han experimentado las regiones gracias a su integraci\u00f3n en la pol\u00edtica de cohesi\u00f3n de la UE. En este sentido, los representantes de los municipios de Benaguasil, Guardistallo (Italia) y Botosani (Rumania) debatir\u00e1n sobre la importancia de acceder a los fondos europeos para su desarrolloen el \u00e1mbito de la pol\u00edtica de cohesi\u00f3n, que hoy cobra especial relevancia para hacer frente a las consecuencias de la actual crisis hist\u00f3rica y para reducir las disparidades en Europa.<\/p>\n\n\n\n<p><strong>Tres paneles<\/strong><\/p>\n\n\n\n<p>Con un formato de tres paneles moderados por <strong>Juan Manuel Revuelta<\/strong>, CEO de Finnova, el evento ser\u00e1 introducido por <strong>Ximo Segarra,<\/strong> alcalde de Benaguasil y por <strong>Gustavo L\u00f3pez Cutillas, <\/strong>miembro de la Comisi\u00f3n de Cohesi\u00f3n Territorial del Comit\u00e9 de las Regiones, quien explicar\u00e1 la pol\u00edtica de cohesi\u00f3n desde su posici\u00f3n en la instituci\u00f3n europea. Tras ello, se celebrar\u00e1 un panel sobre fondos europeos a cargo de <strong>Juan Viesca<\/strong>, Director de Fondos Europeos en la Fundaci\u00f3n Finnova.&nbsp;<\/p>\n\n\n\n<p>El evento concluir\u00e1 con un panel sobre \u201c<em>El papel de las regiones y la importancia de lograr un desarrollo conjunto, espec\u00edficamente para Benaguasil y los municipios\u201d,<\/em> en el que tomar\u00e1n la palabra <strong>Stephane Soriano G\u00f3mez<\/strong>, Concejal de Gobierno Abierto, Comunicaci\u00f3n, Modernizaci\u00f3n Administrativa y Proyectos Europeos del Ayuntamiento de Benaguasil; <strong>Sandro Ceccarelli<\/strong>, Alcalde de Guardistallo (municipio socio de Benaguasil en el proyecto de hermanamiento rEU discovery), e <strong>Iona Aconstantinesei<\/strong>, en representaci\u00f3n del Municipio de Botosani (Rumania).<\/p>\n\n\n\n<p>El evento podr\u00e1 seguirse v\u00eda online registr\u00e1ndose previamente en este enlace: <a href=\"https:\/\/www.eventbrite.es\/e\/entradas-sentir-benaguasil-the-impact-of-cohesion-policy-and-citizenship-on-small-m-411350830407\">https:\/\/www.eventbrite.es\/e\/entradas-sentir-benaguasil-the-impact-of-cohesion-policy-and-citizenship-on-small-m-411350830407<\/a>&nbsp;<\/p>\n","protected":false},"excerpt":{"rendered":"<div class=\"mh-excerpt\">El evento, que se celebrar\u00e1 en el marco de la Semana Europea de las Regiones, tendr\u00e1 lugar el mi\u00e9rcoles 19 de octubre en formato online.&nbsp; Los municipios debatir\u00e1n sobre la importancia de los fondos europeos <a class=\"mh-excerpt-more\" href=\"https:\/\/www.tucomarca.com\/wordpress\/segunda\/el-ayuntamiento-de-benaguasil-organiza-el-evento-el-impacto-de-la-politica-de-cohesion-en-municipios-pequenos\/\" title=\"El ayuntamiento de Benaguasil organiza el evento \u201cEl impacto de la pol\u00edtica de cohesi\u00f3n en municipios peque\u00f1os\u201d\">[+] <\/a><\/div>\n","protected":false},"author":1,"featured_media":170213,"comment_status":"open","ping_status":"open","sticky":false,"template":"","format":"standard","meta":{"footnotes":""},"categories":[4,172,46,128,8,142,3],"tags":[10429,10395],"class_list":{"0":"post-170212","1":"post","2":"type-post","3":"status-publish","4":"format-standard","5":"has-post-thumbnail","7":"category-agenda","8":"category-benaguasil","9":"category-camp-de-turia","10":"category-infraestructuras","11":"category-la-comarca","12":"category-politica-la-comarca","13":"category-seccion","14":"tag-benaguasil","15":"tag-camp-de-turia"},"_links":{"self":[{"href":"https:\/\/www.tucomarca.com\/wordpress\/segunda\/wp-json\/wp\/v2\/posts\/170212","targetHints":{"allow":["GET"]}}],"collection":[{"href":"https:\/\/www.tucomarca.com\/wordpress\/segunda\/wp-json\/wp\/v2\/posts"}],"about":[{"href":"https:\/\/www.tucomarca.com\/wordpress\/segunda\/wp-json\/wp\/v2\/types\/post"}],"author":[{"embeddable":true,"href":"https:\/\/www.tucomarca.com\/wordpress\/segunda\/wp-json\/wp\/v2\/users\/1"}],"replies":[{"embeddable":true,"href":"https:\/\/www.tucomarca.com\/wordpress\/segunda\/wp-json\/wp\/v2\/comments?post=170212"}],"version-history":[{"count":0,"href":"https:\/\/www.tucomarca.com\/wordpress\/segunda\/wp-json\/wp\/v2\/posts\/170212\/revisions"}],"wp:featuredmedia":[{"embeddable":true,"href":"https:\/\/www.tucomarca.com\/wordpress\/segunda\/wp-json\/wp\/v2\/media\/170213"}],"wp:attachment":[{"href":"https:\/\/www.tucomarca.com\/wordpress\/segunda\/wp-json\/wp\/v2\/media?parent=170212"}],"wp:term":[{"taxonomy":"category","embeddable":true,"href":"https:\/\/www.tucomarca.com\/wordpress\/segunda\/wp-json\/wp\/v2\/categories?post=170212"},{"taxonomy":"post_tag","embeddable":true,"href":"https:\/\/www.tucomarca.com\/wordpress\/segunda\/wp-json\/wp\/v2\/tags?post=170212"}],"curies":[{"name":"wp","href":"https:\/\/api.w.org\/{rel}","templated":true}]}}