{"id":17025,"date":"2013-08-06T12:05:53","date_gmt":"2013-08-06T09:05:53","guid":{"rendered":"http:\/\/www.tucomarca.com\/wordpress\/segunda\/?p=17025"},"modified":"2013-08-06T12:05:53","modified_gmt":"2013-08-06T09:05:53","slug":"gobernacion-mantiene-la-preemergencia-por-riesgo-de-incendios-forestales-en-el-interior-de-valencia","status":"publish","type":"post","link":"https:\/\/www.tucomarca.com\/wordpress\/segunda\/gobernacion-mantiene-la-preemergencia-por-riesgo-de-incendios-forestales-en-el-interior-de-valencia\/","title":{"rendered":"Gobernaci\u00f3n mantiene la Preemergencia por riesgo de incendios forestales en el interior de Valencia"},"content":{"rendered":"<p>La Conselleria de Gobernaci\u00f3n y Justicia, a trav\u00e9s del Centro de Coordinaci\u00f3n de Emergencias (CCE), mantiene hoy martes, 6 de agosto, el Nivel 3 de Preemergencia, riesgo m\u00e1ximo de incendios forestales, en el interior de la provincia de Valencia y norte de Alicante.<\/p>\n<p>La Agencia Estatal de Meteorolog\u00eda prev\u00e9 para esta jornada \u00abpoco nuboso, con intervalos de nubes bajas en el litoral por la ma\u00f1ana y nubosidad de evoluci\u00f3n por la tarde en el interior. Chubascos dispersos por la tarde en el interior, que podr\u00edan ser localmente fuertes en el interior norte y acompa\u00f1ados de tormenta. Temperaturas sin cambios o en ligero ascenso, con valores que pueden alcanzar los 38 grados en puntos del interior. Vientos variables flojos con brisas\u00bb.<\/p>\n<p>La Conselleria de Gobernaci\u00f3n y Justicia recuerda que el Nivel 3 de Preemergencia o riesgo m\u00e1ximo de incendios forestales supone la prohibici\u00f3n de realizar cualquier tipo de fuego, incluso en las zonas recreativas autorizadas y habilitadas a tal efecto.<\/p>\n<p>Ante esta situaci\u00f3n, el CCE mantiene contacto directo con todos los ayuntamientos y organismos de emergencia afectados con el fin de informarles de la situaci\u00f3n y evoluci\u00f3n de la Preemergencia prevista para el d\u00eda hoy.<\/p>\n<p>El CCE y la Conselleria de Gobernaci\u00f3n y Justicia hacen un llamamiento a la prudencia de la sociedad en general para evitar, en la medida de lo posible, posibles incendios forestales y a respetar y cumplir en todo momento las normas que se derivan de decretar Preemergencia por riesgo de incendios forestales.<\/p>\n","protected":false},"excerpt":{"rendered":"<div class=\"mh-excerpt\">La Conselleria de Gobernaci\u00f3n y Justicia, a trav\u00e9s del Centro de Coordinaci\u00f3n de Emergencias (CCE), mantiene hoy martes, 6 de agosto, el Nivel 3 de Preemergencia, riesgo m\u00e1ximo de incendios forestales, en el interior de <a class=\"mh-excerpt-more\" href=\"https:\/\/www.tucomarca.com\/wordpress\/segunda\/gobernacion-mantiene-la-preemergencia-por-riesgo-de-incendios-forestales-en-el-interior-de-valencia\/\" title=\"Gobernaci\u00f3n mantiene la Preemergencia por riesgo de incendios forestales en el interior de Valencia\">[+] <\/a><\/div>\n","protected":false},"author":2,"featured_media":0,"comment_status":"open","ping_status":"open","sticky":false,"template":"","format":"standard","meta":{"footnotes":""},"categories":[8,72,10,117,3],"tags":[390,1291,394],"class_list":{"0":"post-17025","1":"post","2":"type-post","3":"status-publish","4":"format-standard","6":"category-la-comarca","7":"category-sin-categorizar","8":"category-la-hoya","9":"category-medio-ambiente-la-comarca","10":"category-seccion","11":"tag-gobernacion","12":"tag-incendios-forestales","13":"tag-preemergencia"},"_links":{"self":[{"href":"https:\/\/www.tucomarca.com\/wordpress\/segunda\/wp-json\/wp\/v2\/posts\/17025","targetHints":{"allow":["GET"]}}],"collection":[{"href":"https:\/\/www.tucomarca.com\/wordpress\/segunda\/wp-json\/wp\/v2\/posts"}],"about":[{"href":"https:\/\/www.tucomarca.com\/wordpress\/segunda\/wp-json\/wp\/v2\/types\/post"}],"author":[{"embeddable":true,"href":"https:\/\/www.tucomarca.com\/wordpress\/segunda\/wp-json\/wp\/v2\/users\/2"}],"replies":[{"embeddable":true,"href":"https:\/\/www.tucomarca.com\/wordpress\/segunda\/wp-json\/wp\/v2\/comments?post=17025"}],"version-history":[{"count":0,"href":"https:\/\/www.tucomarca.com\/wordpress\/segunda\/wp-json\/wp\/v2\/posts\/17025\/revisions"}],"wp:attachment":[{"href":"https:\/\/www.tucomarca.com\/wordpress\/segunda\/wp-json\/wp\/v2\/media?parent=17025"}],"wp:term":[{"taxonomy":"category","embeddable":true,"href":"https:\/\/www.tucomarca.com\/wordpress\/segunda\/wp-json\/wp\/v2\/categories?post=17025"},{"taxonomy":"post_tag","embeddable":true,"href":"https:\/\/www.tucomarca.com\/wordpress\/segunda\/wp-json\/wp\/v2\/tags?post=17025"}],"curies":[{"name":"wp","href":"https:\/\/api.w.org\/{rel}","templated":true}]}}