{"id":170274,"date":"2022-10-19T09:00:00","date_gmt":"2022-10-19T07:00:00","guid":{"rendered":"https:\/\/www.tucomarca.com\/wordpress\/segunda\/?p=170274"},"modified":"2022-10-19T13:54:42","modified_gmt":"2022-10-19T11:54:42","slug":"medio-ambiente-abre-el-periodo-para-las-quemas-agricolas","status":"publish","type":"post","link":"https:\/\/www.tucomarca.com\/wordpress\/segunda\/medio-ambiente-abre-el-periodo-para-las-quemas-agricolas\/","title":{"rendered":"Medio Ambiente abre el periodo para las quemas agr\u00edcolas"},"content":{"rendered":"\n<p>Seg\u00fan la Uni\u00f3 Agricultora y Ganadera, el 16 de octubre finaliz\u00f3 el per\u00edodo de prohibici\u00f3n de quemas agr\u00edcolas en terreno forestal (menos de 500 metros del monte). Por tanto, ya est\u00e1n autorizadas seg\u00fan establezcan los planes locales de quemas de cada Ayuntamiento.\u00a0<\/p>\n\n\n\n<p>Las quemas agr\u00edcolas son necesarias para controlar plagas y enfermedades en \u00e1rboles y plantas. En la comarca Requena-Utiel se realizan principalmente para eliminar los sarmientos procedentes de la poda de las vides. Informa, <strong>Luis Ib\u00e1\u00f1ez.<\/strong><\/p>\n","protected":false},"excerpt":{"rendered":"<div class=\"mh-excerpt\">Seg\u00fan la Uni\u00f3 Agricultora y Ganadera, el 16 de octubre finaliz\u00f3 el per\u00edodo de prohibici\u00f3n de quemas agr\u00edcolas en terreno forestal (menos de 500 metros del monte). Por tanto, ya est\u00e1n autorizadas seg\u00fan establezcan los <a class=\"mh-excerpt-more\" href=\"https:\/\/www.tucomarca.com\/wordpress\/segunda\/medio-ambiente-abre-el-periodo-para-las-quemas-agricolas\/\" title=\"Medio Ambiente abre el periodo para las quemas agr\u00edcolas\">[+] <\/a><\/div>\n","protected":false},"author":12,"featured_media":157150,"comment_status":"open","ping_status":"open","sticky":false,"template":"","format":"standard","meta":{"footnotes":""},"categories":[49,169,46,70,8,72,10,42,59,117,27,3],"tags":[18073,18020,107,10387],"class_list":{"0":"post-170274","1":"post","2":"type-post","3":"status-publish","4":"format-standard","5":"has-post-thumbnail","7":"category-ademuz","8":"category-agricultura-la-comarca","9":"category-camp-de-turia","10":"category-la-canal-de-navarres","11":"category-la-comarca","12":"category-sin-categorizar","13":"category-la-hoya","14":"category-la-ribera","15":"category-los-serranos","16":"category-medio-ambiente-la-comarca","17":"category-requena-utiel","18":"category-seccion","19":"tag-la-unio-agricultora-y-ganadera","20":"tag-la-unio-llauradora","21":"tag-medio-ambiente","22":"tag-requena-utiel"},"_links":{"self":[{"href":"https:\/\/www.tucomarca.com\/wordpress\/segunda\/wp-json\/wp\/v2\/posts\/170274","targetHints":{"allow":["GET"]}}],"collection":[{"href":"https:\/\/www.tucomarca.com\/wordpress\/segunda\/wp-json\/wp\/v2\/posts"}],"about":[{"href":"https:\/\/www.tucomarca.com\/wordpress\/segunda\/wp-json\/wp\/v2\/types\/post"}],"author":[{"embeddable":true,"href":"https:\/\/www.tucomarca.com\/wordpress\/segunda\/wp-json\/wp\/v2\/users\/12"}],"replies":[{"embeddable":true,"href":"https:\/\/www.tucomarca.com\/wordpress\/segunda\/wp-json\/wp\/v2\/comments?post=170274"}],"version-history":[{"count":0,"href":"https:\/\/www.tucomarca.com\/wordpress\/segunda\/wp-json\/wp\/v2\/posts\/170274\/revisions"}],"wp:featuredmedia":[{"embeddable":true,"href":"https:\/\/www.tucomarca.com\/wordpress\/segunda\/wp-json\/wp\/v2\/media\/157150"}],"wp:attachment":[{"href":"https:\/\/www.tucomarca.com\/wordpress\/segunda\/wp-json\/wp\/v2\/media?parent=170274"}],"wp:term":[{"taxonomy":"category","embeddable":true,"href":"https:\/\/www.tucomarca.com\/wordpress\/segunda\/wp-json\/wp\/v2\/categories?post=170274"},{"taxonomy":"post_tag","embeddable":true,"href":"https:\/\/www.tucomarca.com\/wordpress\/segunda\/wp-json\/wp\/v2\/tags?post=170274"}],"curies":[{"name":"wp","href":"https:\/\/api.w.org\/{rel}","templated":true}]}}