{"id":17028,"date":"2013-08-06T19:05:07","date_gmt":"2013-08-06T16:05:07","guid":{"rendered":"http:\/\/www.tucomarca.com\/wordpress\/segunda\/?p=17028"},"modified":"2013-08-06T19:05:07","modified_gmt":"2013-08-06T16:05:07","slug":"el-director-general-de-turismo-se-reune-con-el-alcalde-de-anna-para-impulsar-y-dinamizar-nuevas-iniciativas-turisticas","status":"publish","type":"post","link":"https:\/\/www.tucomarca.com\/wordpress\/segunda\/el-director-general-de-turismo-se-reune-con-el-alcalde-de-anna-para-impulsar-y-dinamizar-nuevas-iniciativas-turisticas\/","title":{"rendered":"El director general de Turismo se re\u00fane con el alcalde de Anna para impulsar y dinamizar nuevas iniciativas tur\u00edsticas"},"content":{"rendered":"<figure id=\"attachment_17029\" aria-describedby=\"caption-attachment-17029\" style=\"width: 300px\" class=\"wp-caption alignleft\"><a href=\"https:\/\/www.tucomarca.com\/wordpress\/segunda\/wp-content\/uploads\/2013\/08\/Anna.jpg\"><img loading=\"lazy\" decoding=\"async\" class=\"size-medium wp-image-17029\" title=\"Anna\" src=\"https:\/\/www.tucomarca.com\/wordpress\/segunda\/wp-content\/uploads\/2013\/08\/Anna-300x199.jpg\" alt=\"El director de Turismo junto al alcalde de Anna.\" width=\"300\" height=\"199\" srcset=\"https:\/\/www.tucomarca.com\/wordpress\/segunda\/wp-content\/uploads\/2013\/08\/Anna-300x199.jpg 300w, https:\/\/www.tucomarca.com\/wordpress\/segunda\/wp-content\/uploads\/2013\/08\/Anna-1024x681.jpg 1024w\" sizes=\"auto, (max-width: 300px) 100vw, 300px\" \/><\/a><figcaption id=\"caption-attachment-17029\" class=\"wp-caption-text\">El director de Turismo junto al alcalde de Anna.<\/figcaption><\/figure>\n<p>El director general de Turismo, Sebasti\u00e1n Fern\u00e1ndez, se ha reunido hoy con el alcalde de Anna, Miguel Ram\u00edrez Roig. El objetivo de este encuentro profesional ha sido estudiar posibles v\u00edas de colaboraci\u00f3n entre ambos organismos, con la finalidad de impulsar y dinamizar nuevas iniciativas tur\u00edsticas que promuevan la actividad econ\u00f3mica en este destino de la comarca de La Canal de Navarr\u00e9s.<\/p>\n<p>Tras esta reuni\u00f3n, Fern\u00e1ndez ha declarado que \u00abel municipio de Anna cuenta con un gran atractivo tur\u00edstico, que es el Lago de la Albufera\u00bb. \u00abUn paraje natural- ha continuado- que recibe anualmente a m\u00e1s de 75.000 visitantes y que supone sin ninguna duda, una inyecci\u00f3n econ\u00f3mica a la actividad local del destino\u00bb.<\/p>\n<p>En este sentido, el director general ha expresado que \u00abla Generalitat seguir\u00e1 trabajando en nuevas medidas que contribuyan a dinamizar la oferta tur\u00edstica del interior, a profesionalizar el sector y a fomentar la complementariedad del interior con los municipios del litoral\u00bb.<\/p>\n<p>Adem\u00e1s, Sebasti\u00e1n Fern\u00e1ndez ha trasladado al alcalde que \u00abtodo el equipo de la Agencia Valenciana del Turisme est\u00e1 a disposici\u00f3n del sector tur\u00edstico de Anna\u00bb. \u00abEn momentos como el actual- ha indicado el director general-, debemos todos los agentes implicados en el turismo, aunar esfuerzos y compartir herramientas para el fomento y desarrollo de nuestros productos tur\u00edsticos\u00bb.<\/p>\n<p>&nbsp;<\/p>\n","protected":false},"excerpt":{"rendered":"<div class=\"mh-excerpt\">El director general de Turismo, Sebasti\u00e1n Fern\u00e1ndez, se ha reunido hoy con el alcalde de Anna, Miguel Ram\u00edrez Roig. El objetivo de este encuentro profesional ha sido estudiar posibles v\u00edas de colaboraci\u00f3n entre ambos organismos, <a class=\"mh-excerpt-more\" href=\"https:\/\/www.tucomarca.com\/wordpress\/segunda\/el-director-general-de-turismo-se-reune-con-el-alcalde-de-anna-para-impulsar-y-dinamizar-nuevas-iniciativas-turisticas\/\" title=\"El director general de Turismo se re\u00fane con el alcalde de Anna para impulsar y dinamizar nuevas iniciativas tur\u00edsticas\">[+] <\/a><\/div>\n","protected":false},"author":1,"featured_media":17029,"comment_status":"open","ping_status":"open","sticky":false,"template":"","format":"standard","meta":{"footnotes":""},"categories":[78,128,70,8,3,45],"tags":[],"class_list":{"0":"post-17028","1":"post","2":"type-post","3":"status-publish","4":"format-standard","5":"has-post-thumbnail","7":"category-anna","8":"category-infraestructuras","9":"category-la-canal-de-navarres","10":"category-la-comarca","11":"category-seccion","12":"category-ventana"},"_links":{"self":[{"href":"https:\/\/www.tucomarca.com\/wordpress\/segunda\/wp-json\/wp\/v2\/posts\/17028","targetHints":{"allow":["GET"]}}],"collection":[{"href":"https:\/\/www.tucomarca.com\/wordpress\/segunda\/wp-json\/wp\/v2\/posts"}],"about":[{"href":"https:\/\/www.tucomarca.com\/wordpress\/segunda\/wp-json\/wp\/v2\/types\/post"}],"author":[{"embeddable":true,"href":"https:\/\/www.tucomarca.com\/wordpress\/segunda\/wp-json\/wp\/v2\/users\/1"}],"replies":[{"embeddable":true,"href":"https:\/\/www.tucomarca.com\/wordpress\/segunda\/wp-json\/wp\/v2\/comments?post=17028"}],"version-history":[{"count":0,"href":"https:\/\/www.tucomarca.com\/wordpress\/segunda\/wp-json\/wp\/v2\/posts\/17028\/revisions"}],"wp:featuredmedia":[{"embeddable":true,"href":"https:\/\/www.tucomarca.com\/wordpress\/segunda\/wp-json\/wp\/v2\/media\/17029"}],"wp:attachment":[{"href":"https:\/\/www.tucomarca.com\/wordpress\/segunda\/wp-json\/wp\/v2\/media?parent=17028"}],"wp:term":[{"taxonomy":"category","embeddable":true,"href":"https:\/\/www.tucomarca.com\/wordpress\/segunda\/wp-json\/wp\/v2\/categories?post=17028"},{"taxonomy":"post_tag","embeddable":true,"href":"https:\/\/www.tucomarca.com\/wordpress\/segunda\/wp-json\/wp\/v2\/tags?post=17028"}],"curies":[{"name":"wp","href":"https:\/\/api.w.org\/{rel}","templated":true}]}}