{"id":170288,"date":"2022-10-19T09:09:00","date_gmt":"2022-10-19T07:09:00","guid":{"rendered":"https:\/\/www.tucomarca.com\/wordpress\/segunda\/?p=170288"},"modified":"2022-10-19T14:10:07","modified_gmt":"2022-10-19T12:10:07","slug":"el-pp-de-la-pobla-denuncia-la-marginacion-de-las-fiestas-del-rosario-y-la-catalanizacion-que-hace-el-alcalde-el-9-doctubre-celebrando-la-diada-del-pais","status":"publish","type":"post","link":"https:\/\/www.tucomarca.com\/wordpress\/segunda\/el-pp-de-la-pobla-denuncia-la-marginacion-de-las-fiestas-del-rosario-y-la-catalanizacion-que-hace-el-alcalde-el-9-doctubre-celebrando-la-diada-del-pais\/","title":{"rendered":"El PP de la Pobla denuncia la \u201cmarginaci\u00f3n\u201d de las fiestas del Rosario y la \u00abcatalanizaci\u00f3n\u00bb que hace el alcalde el 9 d\u2019Octubre celebrando \u201cla diada del \u2018Pa\u00eds Valenci\u00e0\u2019\u201d"},"content":{"rendered":"\n<h4 class=\"wp-block-heading\">Contelles se\u00f1ala que \u201clo l\u00f3gico ser\u00eda que el equipo de gobierno destinara los d\u00edas 6 y 7 de octubre a la celebraci\u00f3n del Rosario, patrona de la Pobla, y a partir del 8 se montaran los actos y el mercado medieval del 9 d\u2019Octubre, pero sin embargo optan por confundir celebraciones con el consiguiente enfado de los poblanos\u201d<\/h4>\n\n\n\n<h4 class=\"wp-block-heading\">La portavoz popular explica que \u201cno hab\u00eda ni una referencia al Rosario en el preg\u00f3n, se dej\u00f3 a la Reina de las Fiestas en segundo plano y para colmo el concejal de fiestas se puso pu\u00f1o en alto como si estuviera en un mitin en una evidente falta de respeto\u201d<\/h4>\n\n\n\n<h4 class=\"wp-block-heading\">\u201cEl alcalde rebautiz\u00f3 el 9 d\u2019Octubre como \u2018diada del pa\u00eds valenci\u00e0\u2019, sacando a pasear su cara m\u00e1s sectaria, lanzando mensajes catalanistas que no muestran el sentir de los poblanos\u201d subraya Contelles.<\/h4>\n\n\n\n<p>La portavoz del Partido Popular en el Ayuntamiento de la Pobla de Vallbona, Mari Carmen Contelles, ha hecho balance de las fiestas patronales y del 9 d\u2019Octubre celebradas en la Pobla de Vallbona, denunciando que el equipo de gobierno del alcalde Josep Vicent Garcia i Tamarit de Comprom\u00eds con PSOE, CUPO y un ex edil de Contigo busca \u201cmarginar e invisibilizar\u201d la celebraci\u00f3n del Rosario mientras adem\u00e1s \u201clanza mensajes sectarios y catalanistas con motivo del 9 d\u2019Octubre\u201d.&nbsp;<\/p>\n\n\n\n<p>La portavoz del PP ha denunciado que el gobierno de la Pobla \u201cusa el 9 d\u2019Octubre como excusa para tapar las fiestas patronales en honor a la Virgen del Rosario, ignorando esta celebraci\u00f3n que parece que les moleste, no sabemos si por su car\u00e1cter religioso, y mezclando ambas celebraciones para ocultar las fiestas del Rosario\u201d<\/p>\n\n\n\n<p>\u201cLo l\u00f3gico ser\u00eda que el equipo de gobierno destinara los d\u00edas 6 y 7 de octubre a la celebraci\u00f3n del Rosario, patrona de la Pobla, y a partir del 8 se montaran los actos y el mercado medieval del 9 d\u2019Octubre, pero sin embargo optan por confundir celebraciones con el consiguiente enfado de los poblanos, que por ejemplo impidi\u00f3 celebrar la masclet\u00e0 o el castillo del Rosario en su ubicaci\u00f3n tradicional al estar ya en marcha el mercado del 9 d\u2019Octubre\u201d, ha explicado Contelles.&nbsp;<\/p>\n\n\n\n<p>\u201cAl alcalde Josep Vicent Garcia y su equipo les molesta tanto la fiesta del Rosario que en el preg\u00f3n de la propia fiesta no hab\u00eda ni una sola referencia a la Virgen del Rosario, s\u00f3lo unos trapos medievales, y no se le dio ni protagonismo a la Reina de las Fiestas, y para colmo con el concejal de Fiestas, de Comprom\u00eds, levantando el pu\u00f1o como si estuviera en un mitin de su partido, en una evidente falta de respeto\u201d, ha continuado la portavoz del PP, indicando \u201cel malestar de los poblanos porque no se respete la fiesta patronal, porque lo primero es la tradici\u00f3n de la Pobla de Vallbona\u201d.&nbsp;<\/p>\n\n\n\n<p>La portavoz popular asimismo ha indicado que \u201cla celebraci\u00f3n del 9 d\u2019Octubre sirvi\u00f3 para que Josep Vicent Garcia i Tamarit sacara a pasear su cara m\u00e1s sectaria, felicitando a los poblanos \u2018la Diada del Pa\u00eds Valenci\u00e0\u2019, como rebautiz\u00f3 al D\u00eda de la Comunitat Valenciana\u201d.&nbsp;<\/p>\n\n\n\n<p>\u201cDesde el PP de la Pobla de Vallbona exigimos, primero, que a las fiestas del Rosario se les d\u00e9 la importancia que tienen, dedic\u00e1ndoles los d\u00edas correspondientes, y segundo, que en el 9 d\u2019Octubre se respete las se\u00f1as de identidad de los valencianos, el Estatuto y la Constituci\u00f3n, y no se nos hable de pa\u00edses ni diadas que no forman parte de nuestro sentir como pueblo. Si el alcalde y el actual equipo no son capaces, el a\u00f1o que viene nos comprometemos a que as\u00ed sea cuando cambie el Ayuntamiento\u201d, ha concluido Mari Carmen Contelles.&nbsp;<\/p>\n","protected":false},"excerpt":{"rendered":"<div class=\"mh-excerpt\">Contelles se\u00f1ala que \u201clo l\u00f3gico ser\u00eda que el equipo de gobierno destinara los d\u00edas 6 y 7 de octubre a la celebraci\u00f3n del Rosario, patrona de la Pobla, y a partir del 8 se montaran <a class=\"mh-excerpt-more\" href=\"https:\/\/www.tucomarca.com\/wordpress\/segunda\/el-pp-de-la-pobla-denuncia-la-marginacion-de-las-fiestas-del-rosario-y-la-catalanizacion-que-hace-el-alcalde-el-9-doctubre-celebrando-la-diada-del-pais\/\" title=\"El PP de la Pobla denuncia la \u201cmarginaci\u00f3n\u201d de las fiestas del Rosario y la \u00abcatalanizaci\u00f3n\u00bb que hace el alcalde el 9 d\u2019Octubre celebrando \u201cla diada del \u2018Pa\u00eds Valenci\u00e0\u2019\u201d\">[+] <\/a><\/div>\n","protected":false},"author":12,"featured_media":170298,"comment_status":"open","ping_status":"open","sticky":false,"template":"","format":"standard","meta":{"footnotes":""},"categories":[46,8,174,142,3],"tags":[10395,10430,11272],"class_list":{"0":"post-170288","1":"post","2":"type-post","3":"status-publish","4":"format-standard","5":"has-post-thumbnail","7":"category-camp-de-turia","8":"category-la-comarca","9":"category-la-pobla","10":"category-politica-la-comarca","11":"category-seccion","12":"tag-camp-de-turia","13":"tag-la-pobla","14":"tag-pp-pobla-de-vallbona"},"_links":{"self":[{"href":"https:\/\/www.tucomarca.com\/wordpress\/segunda\/wp-json\/wp\/v2\/posts\/170288","targetHints":{"allow":["GET"]}}],"collection":[{"href":"https:\/\/www.tucomarca.com\/wordpress\/segunda\/wp-json\/wp\/v2\/posts"}],"about":[{"href":"https:\/\/www.tucomarca.com\/wordpress\/segunda\/wp-json\/wp\/v2\/types\/post"}],"author":[{"embeddable":true,"href":"https:\/\/www.tucomarca.com\/wordpress\/segunda\/wp-json\/wp\/v2\/users\/12"}],"replies":[{"embeddable":true,"href":"https:\/\/www.tucomarca.com\/wordpress\/segunda\/wp-json\/wp\/v2\/comments?post=170288"}],"version-history":[{"count":0,"href":"https:\/\/www.tucomarca.com\/wordpress\/segunda\/wp-json\/wp\/v2\/posts\/170288\/revisions"}],"wp:featuredmedia":[{"embeddable":true,"href":"https:\/\/www.tucomarca.com\/wordpress\/segunda\/wp-json\/wp\/v2\/media\/170298"}],"wp:attachment":[{"href":"https:\/\/www.tucomarca.com\/wordpress\/segunda\/wp-json\/wp\/v2\/media?parent=170288"}],"wp:term":[{"taxonomy":"category","embeddable":true,"href":"https:\/\/www.tucomarca.com\/wordpress\/segunda\/wp-json\/wp\/v2\/categories?post=170288"},{"taxonomy":"post_tag","embeddable":true,"href":"https:\/\/www.tucomarca.com\/wordpress\/segunda\/wp-json\/wp\/v2\/tags?post=170288"}],"curies":[{"name":"wp","href":"https:\/\/api.w.org\/{rel}","templated":true}]}}