{"id":17031,"date":"2013-08-06T19:07:42","date_gmt":"2013-08-06T16:07:42","guid":{"rendered":"http:\/\/www.tucomarca.com\/wordpress\/segunda\/?p=17031"},"modified":"2013-08-06T19:07:42","modified_gmt":"2013-08-06T16:07:42","slug":"un-total-de-28-autobuses-recorren-la-provincia-con-las-rutas-turisticas-de-la-diputacion","status":"publish","type":"post","link":"https:\/\/www.tucomarca.com\/wordpress\/segunda\/un-total-de-28-autobuses-recorren-la-provincia-con-las-rutas-turisticas-de-la-diputacion\/","title":{"rendered":"Un total de 28 autobuses recorren la provincia con las rutas tur\u00edsticas de la Diputaci\u00f3n"},"content":{"rendered":"<p>A trav\u00e9s del programa de Rutas Tur\u00edsticas Medioambientales de la Diputaci\u00f3n de Valencia, para dinamizar la econom\u00eda de los municipios m\u00e1s afectados por los incendios del verano de 2012, 28 autobuses est\u00e1n recorriendo la provincia de Valencia.<\/p>\n<p>La procedencia de los distintos grupos que han realizado las rutas, es la ciudad de Valencia y poblaciones pertenecientes a la comarca de l\u2019Horta, as\u00ed como de poblaciones de La Serran\u00eda y de la Hoya de Bu\u00f1ol-Chiva.<\/p>\n<p>El proyecto, presentado el pasado mes de junio, promocionado a trav\u00e9s de las redes sociales y por los propios ayuntamientos participantes (Macastre, Bugarra, Dos Aguas, Cortes de Pall\u00e1s, Andilla, Alcublas, Sot de Chera, Chulilla y Gestalgar) est\u00e1n dirigidas a grupos, asociaciones y colectivos, asumiendo el coste de los desplazamientos en autob\u00fas y los gu\u00edas de cada ruta El Patronato Provincial de Turismo.<\/p>\n<p>A partir del mes de septiembre se incrementar\u00e1n los esfuerzos con precios muy competitivos que oscilan entre los 7 \u20ac y los 10 \u20ac (para escolares) y los 8 y los 13 \u20ac para asociaciones y colectivos de la provincia. Estos precios incluyen: desplazamiento en autob\u00fas, gu\u00edas y actividades y comida.<\/p>\n<p><strong>Actuaciones tras los incendios<\/strong><\/p>\n<p>Los ocho municipios m\u00e1s afectados por los incendios del verano 2012 han recibido de la Diputaci\u00f3n de Valencia m\u00e1s de 12 millones de euros en inversiones. Ayudas directas de 50.000 euros a Chulilla, Bugarra y Sot de Chera y los planes de Obras y Servicios y de N\u00facleos y Plan de Caminos Rurales han invertido m\u00e1s de 850.000 euros.<\/p>\n<p>Adem\u00e1s, las inversiones y trabajos realizados por las brigadas forestales de julio de 2012 a mayo de 2013 suman m\u00e1s de 825.000 euros. Se han realizado trabajos de limpieza y prevenci\u00f3n en m\u00e1s de un mill\u00f3n de metros cuadrados de las zonas afectadas.<\/p>\n<p>Los itinerarios incluyen visitas guiadas a sus monumentos, parajes naturales, rutas, almuerzo, visita de concienciaci\u00f3n medioambiental a alguna zona afectada por los incendios, talleres y tiempo libre para pasear o realizar compras.<\/p>\n","protected":false},"excerpt":{"rendered":"<div class=\"mh-excerpt\">A trav\u00e9s del programa de Rutas Tur\u00edsticas Medioambientales de la Diputaci\u00f3n de Valencia, para dinamizar la econom\u00eda de los municipios m\u00e1s afectados por los incendios del verano de 2012, 28 autobuses est\u00e1n recorriendo la provincia <a class=\"mh-excerpt-more\" href=\"https:\/\/www.tucomarca.com\/wordpress\/segunda\/un-total-de-28-autobuses-recorren-la-provincia-con-las-rutas-turisticas-de-la-diputacion\/\" title=\"Un total de 28 autobuses recorren la provincia con las rutas tur\u00edsticas de la Diputaci\u00f3n\">[+] <\/a><\/div>\n","protected":false},"author":1,"featured_media":0,"comment_status":"open","ping_status":"open","sticky":false,"template":"","format":"standard","meta":{"footnotes":""},"categories":[19,15,8,10,13,117,3,11],"tags":[],"class_list":{"0":"post-17031","1":"post","2":"type-post","3":"status-publish","4":"format-standard","6":"category-alborache","7":"category-dos-aguas","8":"category-la-comarca","9":"category-la-hoya","10":"category-macastre","11":"category-medio-ambiente-la-comarca","12":"category-seccion","13":"category-yatova"},"_links":{"self":[{"href":"https:\/\/www.tucomarca.com\/wordpress\/segunda\/wp-json\/wp\/v2\/posts\/17031","targetHints":{"allow":["GET"]}}],"collection":[{"href":"https:\/\/www.tucomarca.com\/wordpress\/segunda\/wp-json\/wp\/v2\/posts"}],"about":[{"href":"https:\/\/www.tucomarca.com\/wordpress\/segunda\/wp-json\/wp\/v2\/types\/post"}],"author":[{"embeddable":true,"href":"https:\/\/www.tucomarca.com\/wordpress\/segunda\/wp-json\/wp\/v2\/users\/1"}],"replies":[{"embeddable":true,"href":"https:\/\/www.tucomarca.com\/wordpress\/segunda\/wp-json\/wp\/v2\/comments?post=17031"}],"version-history":[{"count":0,"href":"https:\/\/www.tucomarca.com\/wordpress\/segunda\/wp-json\/wp\/v2\/posts\/17031\/revisions"}],"wp:attachment":[{"href":"https:\/\/www.tucomarca.com\/wordpress\/segunda\/wp-json\/wp\/v2\/media?parent=17031"}],"wp:term":[{"taxonomy":"category","embeddable":true,"href":"https:\/\/www.tucomarca.com\/wordpress\/segunda\/wp-json\/wp\/v2\/categories?post=17031"},{"taxonomy":"post_tag","embeddable":true,"href":"https:\/\/www.tucomarca.com\/wordpress\/segunda\/wp-json\/wp\/v2\/tags?post=17031"}],"curies":[{"name":"wp","href":"https:\/\/api.w.org\/{rel}","templated":true}]}}