{"id":170453,"date":"2022-10-22T08:00:00","date_gmt":"2022-10-22T06:00:00","guid":{"rendered":"https:\/\/www.tucomarca.com\/wordpress\/segunda\/?p=170453"},"modified":"2022-10-24T12:17:18","modified_gmt":"2022-10-24T10:17:18","slug":"ava-asaja-promociona-los-productos-de-kilometro-0-con-la-campana-el-camp-de-prop-dues-vegades-bo","status":"publish","type":"post","link":"https:\/\/www.tucomarca.com\/wordpress\/segunda\/ava-asaja-promociona-los-productos-de-kilometro-0-con-la-campana-el-camp-de-prop-dues-vegades-bo\/","title":{"rendered":"AVA-Asaja promociona los productos de kil\u00f3metro 0 con la campa\u00f1a \u201cEl camp, de prop, dues vegades bo\u201d"},"content":{"rendered":"\n<p>&nbsp;La Asociaci\u00f3n Valenciana de Agricultores (AVA-Asaja) realiza una campa\u00f1a de promoci\u00f3n de los productos de proximidad bajo el lema \u201cEl camp, de prop, dues vegades bo\u201d financiada por la Conselleria de Participaci\u00f3n, Transparencia, Cooperaci\u00f3n y Calidad Democr\u00e1tica. A fin de concienciar a la sociedad de los beneficios de comprar productos locales, la organizaci\u00f3n est\u00e1 publicando material audiovisual en sus redes sociales. Entre los mensajes de este proyecto de responsabilidad social destaca la importancia de defender el oficio de los agricultores y agricultoras, as\u00ed como proteger nuestro planeta, ambos objetivos ligados con el consumo de alimentos de kil\u00f3metro 0.<\/p>\n\n\n\n<p>Adem\u00e1s, la entidad agraria tambi\u00e9n ha distribuido p\u00f3sters promocionales de esta campa\u00f1a en lugares de tr\u00e1nsito p\u00fablico como bibliotecas, centros educativos, supermercados y asociaciones culturales a fin de recordar a la sociedad valenciana que eligiendo frutas y verduras de proximidad est\u00e1 contribuyendo al desarrollo econ\u00f3mico local y a reducir la huella de carbono, al mismo tiempo que se aseguran que el producto sea fresco y de calidad, puesto que al ser de temporada se encuentra en su momento \u00f3ptimo de maduraci\u00f3n.<\/p>\n\n\n\n<p>\u201cEs importante que la sociedad conozca d\u00f3nde y c\u00f3mo se producen los alimentos, puesto que los alimentos producidos en Europa cumplen con unos est\u00e1ndares de calidad y seguridad que no son requeridos a producciones de otros pa\u00edses no comunitarios, cuyos env\u00edos de productos alimentarios pasan varios d\u00edas recorriendo miles de kil\u00f3metros hasta llegar aqu\u00ed. Los agricultores y agricultoras mantienen vivo el medio rural y protegen la biodiversidad, por lo que la apuesta por estos productos locales ayudar\u00e1 a mantener esta actividad econ\u00f3mica que atraviesa una profunda crisis econ\u00f3mica. Sin duda el papel de los consumidores es fundamental para luchar contra el cambio clim\u00e1tico y esta campa\u00f1a es una forma de recordarlo\u201d, argumenta el presidente de AVA-Asaja, Crist\u00f3bal Aguado. Informa, <strong>Luis Ib\u00e1\u00f1ez.<\/strong><\/p>\n","protected":false},"excerpt":{"rendered":"<div class=\"mh-excerpt\">&nbsp;La Asociaci\u00f3n Valenciana de Agricultores (AVA-Asaja) realiza una campa\u00f1a de promoci\u00f3n de los productos de proximidad bajo el lema \u201cEl camp, de prop, dues vegades bo\u201d financiada por la Conselleria de Participaci\u00f3n, Transparencia, Cooperaci\u00f3n y <a class=\"mh-excerpt-more\" href=\"https:\/\/www.tucomarca.com\/wordpress\/segunda\/ava-asaja-promociona-los-productos-de-kilometro-0-con-la-campana-el-camp-de-prop-dues-vegades-bo\/\" title=\"AVA-Asaja promociona los productos de kil\u00f3metro 0 con la campa\u00f1a \u201cEl camp, de prop, dues vegades bo\u201d\">[+] <\/a><\/div>\n","protected":false},"author":12,"featured_media":170456,"comment_status":"open","ping_status":"open","sticky":false,"template":"","format":"standard","meta":{"footnotes":""},"categories":[49,169,38,46,128,70,8,72,42,59,27,3,45],"tags":[328,18091],"class_list":{"0":"post-170453","1":"post","2":"type-post","3":"status-publish","4":"format-standard","5":"has-post-thumbnail","7":"category-ademuz","8":"category-agricultura-la-comarca","9":"category-ayora-cofrentes","10":"category-camp-de-turia","11":"category-infraestructuras","12":"category-la-canal-de-navarres","13":"category-la-comarca","14":"category-sin-categorizar","15":"category-la-ribera","16":"category-los-serranos","17":"category-requena-utiel","18":"category-seccion","19":"category-ventana","20":"tag-ava-asaja","21":"tag-productos-de-km-0"},"_links":{"self":[{"href":"https:\/\/www.tucomarca.com\/wordpress\/segunda\/wp-json\/wp\/v2\/posts\/170453","targetHints":{"allow":["GET"]}}],"collection":[{"href":"https:\/\/www.tucomarca.com\/wordpress\/segunda\/wp-json\/wp\/v2\/posts"}],"about":[{"href":"https:\/\/www.tucomarca.com\/wordpress\/segunda\/wp-json\/wp\/v2\/types\/post"}],"author":[{"embeddable":true,"href":"https:\/\/www.tucomarca.com\/wordpress\/segunda\/wp-json\/wp\/v2\/users\/12"}],"replies":[{"embeddable":true,"href":"https:\/\/www.tucomarca.com\/wordpress\/segunda\/wp-json\/wp\/v2\/comments?post=170453"}],"version-history":[{"count":0,"href":"https:\/\/www.tucomarca.com\/wordpress\/segunda\/wp-json\/wp\/v2\/posts\/170453\/revisions"}],"wp:featuredmedia":[{"embeddable":true,"href":"https:\/\/www.tucomarca.com\/wordpress\/segunda\/wp-json\/wp\/v2\/media\/170456"}],"wp:attachment":[{"href":"https:\/\/www.tucomarca.com\/wordpress\/segunda\/wp-json\/wp\/v2\/media?parent=170453"}],"wp:term":[{"taxonomy":"category","embeddable":true,"href":"https:\/\/www.tucomarca.com\/wordpress\/segunda\/wp-json\/wp\/v2\/categories?post=170453"},{"taxonomy":"post_tag","embeddable":true,"href":"https:\/\/www.tucomarca.com\/wordpress\/segunda\/wp-json\/wp\/v2\/tags?post=170453"}],"curies":[{"name":"wp","href":"https:\/\/api.w.org\/{rel}","templated":true}]}}