{"id":170550,"date":"2022-10-21T13:00:00","date_gmt":"2022-10-21T11:00:00","guid":{"rendered":"https:\/\/www.tucomarca.com\/wordpress\/segunda\/?p=170550"},"modified":"2022-10-21T15:33:40","modified_gmt":"2022-10-21T13:33:40","slug":"preparados-en-cheste-todos-los-dispositivos-de-seguridad-para-del-gran-premio-de-motociclismo-2022","status":"publish","type":"post","link":"https:\/\/www.tucomarca.com\/wordpress\/segunda\/preparados-en-cheste-todos-los-dispositivos-de-seguridad-para-del-gran-premio-de-motociclismo-2022\/","title":{"rendered":"Preparados en Cheste todos los dispositivos de seguridad para del Gran Premio de Motociclismo 2022"},"content":{"rendered":"\n<p>El alcalde de Cheste, Jos\u00e9 Morell, y las concejalas y concejales Tal\u00eda Rosell\u00f3, M\u00aa \u00c1ngeles Llorente, Ra\u00fal Mota y Jos\u00e9 Vicente Guijarro, encargados de las \u00e1reas de Seguridad, Sanidad, Fiestas y Servicios, respectivamente, han recibido esta ma\u00f1ana en el sal\u00f3n de plenos del ayuntamiento a representantes de todos los dispositivos implicados en garantizar la seguridad durante los d\u00edas en los que se celebrar\u00e1 el Gran Premio de Motociclismo, los pr\u00f3ximos 4, 5 y 6 de noviembre.<\/p>\n\n\n\n<figure class=\"wp-block-image size-full\"><img loading=\"lazy\" decoding=\"async\" width=\"886\" height=\"591\" src=\"https:\/\/www.tucomarca.com\/wordpress\/segunda\/wp-content\/uploads\/2022\/10\/CHESTE_JuntaSeguridad2022_1.jpg\" alt=\"\" class=\"wp-image-170554\" srcset=\"https:\/\/www.tucomarca.com\/wordpress\/segunda\/wp-content\/uploads\/2022\/10\/CHESTE_JuntaSeguridad2022_1.jpg 886w, https:\/\/www.tucomarca.com\/wordpress\/segunda\/wp-content\/uploads\/2022\/10\/CHESTE_JuntaSeguridad2022_1-300x200.jpg 300w, https:\/\/www.tucomarca.com\/wordpress\/segunda\/wp-content\/uploads\/2022\/10\/CHESTE_JuntaSeguridad2022_1-768x512.jpg 768w\" sizes=\"auto, (max-width: 886px) 100vw, 886px\" \/><\/figure>\n\n\n\n<p>A la reuni\u00f3n han asistido el subdelegado del Gobierno en la Comunidad Valenciana, Luis Felipe Mart\u00ednez; la jefa provincial de tr\u00e1fico, Pilar Funez Asensio; el director general del Circuito de la Comunidad Valenciana Ricardo Tormo, Gonzalo Gobert, junto al jefe de seguridad del Circuit, Germ\u00e1n G\u00f3mez; el director general de la Agencia de Seguridad y Respuesta a las Emergencias, Jos\u00e9 Mar\u00eda \u00c1ngel Batalla; y las jefas de servicio y de planificaci\u00f3n de la Agencia de seguridad y respuesta a las emergencias, Merc\u00e9 Trull\u00e9n Gas e Inma Piles. Adem\u00e1s, han participado en esta junta el inspector jefe de la Polic\u00eda Local de Cheste, Daniel Gonz\u00e1lez Gallardo, y representantes de la Jefatura Provincial de Tr\u00e1fico, de la Guardia Civil, de la Polic\u00eda Nacional, de Protecci\u00f3n Civil, del Centro de Salud de Cheste y de <em>Renfe<\/em>. \u201cEn primer lugar agradezco la presencia de todas las personas implicadas en este dispositivo de seguridad\u201d, manifestaba el alcalde de Cheste. \u201cPor fin vamos a celebrar un mundial sin las restricciones sanitarias derivadas de la pandemia, pero a\u00fan as\u00ed es interesante que sigamos haciendo estas reuniones para continuar mejorando, para coordinarnos y para estar preparados ante las distintas circunstancias que se puedan presentar\u201d.<\/p>\n\n\n\n<p>Durante la reuni\u00f3n, cada uno de los y las responsables de los dispositivos de seguridad del Estado aportaron la informaci\u00f3n que consideraron oportuna con respecto a su labor durante el desarrollo del Gran Premio. \u201cTenemos una mec\u00e1nica que funciona ya desde hace muchos a\u00f1os y vamos a continuar con ella\u201d, declaraba el subdelegado.<\/p>\n\n\n\n<p>\u201cPor nuestra parte, de nuevo reforzaremos el 112, la sala de emergencias y a\u00f1adiremos toda la log\u00edstica que sea necesaria\u201d, especificaba desde la Agencia de Seguridad y Respuesta a las Emergencias, Jos\u00e9 Mar\u00eda \u00c1ngel Batalla.<\/p>\n\n\n\n<p>En general, todas las personas asistentes manifestaron que este a\u00f1o se va a mantener un dispositivo pr\u00e1cticamente igual al del 2019, con la instalaci\u00f3n de un Puesto de Mando Avanzado en el CEIP Ana Lluch, que contar\u00e1 con un representante de cada cuerpo, de manera que se agilice la toma de decisiones.<\/p>\n\n\n\n<p>Tal y como explicaba Mart\u00ednez, con motivo del Mundial se va a establecer una zona de restricci\u00f3n de navegaci\u00f3n a\u00e9rea, por lo que cualquier aeronave que quiera volar tiene que estar documentada y contar con la autorizaci\u00f3n de Guardia Civil, adem\u00e1s de mantener coordinaci\u00f3n permanente con este cuerpo durante los vuelos.<\/p>\n\n\n\n<p><strong>Seguridad ciudadana<\/strong><\/p>\n\n\n\n<p>Desde Polic\u00eda Local ha destacado que Cheste incrementar\u00e1 un 200% su plantilla desde el viernes, 4 de noviembre, a las 00:00 al s\u00e1bado d\u00eda 5; y se ha anunciado que la polic\u00eda contar\u00e1 con tres gu\u00edas caninos para la detecci\u00f3n sustancias estupefacientes. \u201cUn a\u00f1o m\u00e1s el objetivo del Ayuntamiento es ofrecer el servicio de seguridad ciudadana y de tr\u00e1fico rodado en consonancia con el incremento de poblaci\u00f3n que Cheste sufre durante los d\u00edas en los que se celebra el Gran Premio de Motociclismo\u201d, explicaba el inspector jefe de la Polic\u00eda Local. \u201cPor ello se realizar\u00e1n controles en las rotondas de acceso al municipio, se prohibir\u00e1 la realizaci\u00f3n de pr\u00e1cticas peligrosas, como la circulaci\u00f3n de minimotos o la realizaci\u00f3n de caballitos; se retirar\u00e1n de la v\u00eda p\u00fablica los veh\u00edculos que no cumplan con la normativa, se vigilar\u00e1n zonas rurales y de extrarradio y se realizar\u00e1n controles de vigilancia del consumo de alcohol y drogas\u201d.<\/p>\n\n\n\n<p>En cuanto a las medidas antiterroristas, se mantienen las de a\u00f1os anteriores, con cortes con barrera de hormig\u00f3n en la avenida Castilla. Tambi\u00e9n se instalar\u00e1n bloques de hormig\u00f3n para evitar el acceso a la plaza Doctor Cajal y en la calle Chiva y se montar\u00e1 un dispositivo de seguridad para evitar el tr\u00e1fico de veh\u00edculos en distintos tramos de las calles Chiva, Bar\u00f3n de Cheste, Vicente Blasco Ib\u00e1\u00f1ez y Vicente Navarro.<\/p>\n\n\n\n<p>Tanto Polic\u00eda Nacional como Guardia Civil desplegar\u00e1n un dispositivo similar al de a\u00f1os anteriores, desarrollando su actuaci\u00f3n en el municipio y en el circuito. Ambos cuerpos hicieron hincapi\u00e9 en la prioridad de garantizar la seguridad ciudadana, el orden p\u00fablico y evitar posibles delitos. De la misma manera, desde Sanidad y Salud P\u00fablica se ha explicado que su dispositivo ser\u00e1 similar al del a\u00f1o pasado,&nbsp; al igual que har\u00e1 la Direcci\u00f3n General de Tr\u00e1fico, que contar\u00e1 con un dron y helic\u00f3pteros para detectar infracciones. Adem\u00e1s, desde la DGT se difundir\u00e1n mensajes en redes sociales, principalmente dirigidos a motoristas.<\/p>\n\n\n\n<p><strong>Puntos violeta<\/strong><\/p>\n\n\n\n<p>Por otra parte, al igual que en ediciones pasadas, Cheste contar\u00e1 con varios \u201cPuntos Violeta\u201d para intervenir ante las posibles situaciones de violencia machista, en coordinaci\u00f3n con las fuerzas de seguridad, as\u00ed como para informar y sensibilizar a las personas que visiten Cheste durante los d\u00edas del Gran Premio.<\/p>\n\n\n\n<p><strong>Circuito Ricardo Tormo<\/strong><\/p>\n\n\n\n<p>Por su parte, Gobert ha explicado que este se recupera el evento que se celebraba el jueves previo a la prueba del domingo, con una previsi\u00f3n de aforo de entre 5.000 y 6.000 personas, as\u00ed como la celebraci\u00f3n del podio de MotoGP del domingo, al finalizar las carreras. Tambi\u00e9n ha anunciado que se est\u00e1 trabajando para poner en marcha una app con toda la informaci\u00f3n pr\u00e1ctica del evento. \u201cTras los a\u00f1os de pandemia los aforos ya est\u00e1n normalizados y est\u00e1 casi todo vendido, a d\u00eda de hoy estamos llegando al 90% del aforo completo\u201d, apuntaba.<\/p>\n\n\n\n<p><strong>Colaboraci\u00f3n de Protecci\u00f3n Civil<\/strong><\/p>\n\n\n\n<p>Como viene siendo habitual, el Ayuntamiento de Cheste ha solicitado la colaboraci\u00f3n de la Asociaci\u00f3n de Agrupaciones de Voluntarios de Protecci\u00f3n Civil de la Comunidad Valenciana, que aportar\u00e1 un total de 120 efectivos de distintos puntos de toda la geograf\u00eda espa\u00f1ola, que realizar\u00e1n su labor entre las 17:00 y las 03:00 controlando accesos, facilitando informaci\u00f3n y realizando traslados sanitarios. &nbsp;<\/p>\n\n\n\n<p><strong>Comunicaci\u00f3n y transporte<\/strong><\/p>\n\n\n\n<p>Los accesos y las zonas de estacionamiento contin\u00faan igual que en a\u00f1os anteriores. Por su parte, Renfe ha informado de que mantendr\u00e1 la ampliaci\u00f3n de horarios ofertada en otras ediciones del Mundial de Motociclismo, con paradas en el Circuit.<\/p>\n\n\n\n<p><strong>Acceso al municipio<\/strong><\/p>\n\n\n\n<p>Durante las jornada del jueves 3 de noviembre el acceso al municipio ser\u00e1 libre tanto para motocicletas como para turismos. A partir del viernes, 4 de noviembre, seg\u00fan la afluencia de tr\u00e1fico, en coordinaci\u00f3n con el subsector de tr\u00e1fico de la Guardia Civil, se proceder\u00e1 a restringir el acceso a los turismos por el itinerario principal, dejando as\u00ed la CV-378 solo de acceso para motocicletas, servicios sanitarios, de urgencia y emergencia, fuerzas y cuerpos de seguridad y personal que acredite que accede por motivos de trabajo o residencia. Se canalizar\u00e1 la entrada de turismos por los accesos Norte y Sur.<\/p>\n\n\n\n<p>El s\u00e1bado, 5 de noviembre, se montar\u00e1 el mismo dispositivo de tr\u00e1fico, no obstante el horario del corte al tr\u00e1fico de turismo por la carretera CV-378 puede variar seg\u00fan necesidades del momento. Por \u00faltimo, el domingo, 6 de noviembre, se dejar\u00e1n libres los accesos a la poblaci\u00f3n, especialmente una vez finalizado el Gran premio, para facilitar la salida de aficionados.<\/p>\n\n\n\n<p>Como en otras ediciones, se recomienda a la poblaci\u00f3n que tenga que entrar o salir del municipio que lo haga utilizando la CV- 50. En este punto, Guardia Civil ha explicado que comprobar\u00e1 el DNI u otra documentaci\u00f3n que acredite que una persona es residente en Cheste cuando el acceso est\u00e9 saturado y alg\u00fan vecino o vecina tenga que acceder al municipio, teniendo la m\u00e1xima flexibilidad a la hora de facilitarle el paso.<\/p>\n\n\n\n<p>El Ayuntamiento de Cheste dispondr\u00e1 de un servicio de 3 gr\u00faas los d\u00edas 4, 5 y 6 de noviembre, en curso las 24 horas. Todos los veh\u00edculos inmovilizados, retirados, as\u00ed como el material requisado, ser\u00e1n depositados en las dependencias de la Jefatura de Polic\u00eda Local.<\/p>\n\n\n\n<p>Con respecto a los itinerarios de emergencias, se ha recordado la importancia de que esos viales se encuentren libres de circulaci\u00f3n para que los veh\u00edculos de emergencias puedan desplazarse con mayor rapidez a atender las posibles urgencias que se produzcan, as\u00ed como realizar los traslados necesarios.<\/p>\n\n\n\n<p><strong>Zonas de acampada<\/strong><\/p>\n\n\n\n<p>Se ha establecido una zona de camping con caravanas frente al polideportivo municipal, siendo el acceso por la CV-50; este espacio dispone de unos 5.000 metros cuadrados y capacidad para unas 100 autocaravanas. Tal y como ha expresado Morell, la acampada est\u00e1 prohibida en el resto del t\u00e9rmino municipal y se impondr\u00e1n sanciones a quien no respete la normativa.<\/p>\n","protected":false},"excerpt":{"rendered":"<div class=\"mh-excerpt\">El alcalde de Cheste, Jos\u00e9 Morell, y las concejalas y concejales Tal\u00eda Rosell\u00f3, M\u00aa \u00c1ngeles Llorente, Ra\u00fal Mota y Jos\u00e9 Vicente Guijarro, encargados de las \u00e1reas de Seguridad, Sanidad, Fiestas y Servicios, respectivamente, han recibido <a class=\"mh-excerpt-more\" href=\"https:\/\/www.tucomarca.com\/wordpress\/segunda\/preparados-en-cheste-todos-los-dispositivos-de-seguridad-para-del-gran-premio-de-motociclismo-2022\/\" title=\"Preparados en Cheste todos los dispositivos de seguridad para del Gran Premio de Motociclismo 2022\">[+] <\/a><\/div>\n","protected":false},"author":12,"featured_media":170552,"comment_status":"open","ping_status":"open","sticky":false,"template":"","format":"standard","meta":{"footnotes":""},"categories":[4,17,6,128,8,10,91,3,45],"tags":[339,6266,11752,5952],"class_list":{"0":"post-170550","1":"post","2":"type-post","3":"status-publish","4":"format-standard","5":"has-post-thumbnail","7":"category-agenda","8":"category-cheste","9":"category-deportes","10":"category-infraestructuras","11":"category-la-comarca","12":"category-la-hoya","13":"category-motociclismo","14":"category-seccion","15":"category-ventana","16":"tag-cheste-2","17":"tag-gran-premio-de-motociclismo","18":"tag-junta-de-seguridad","19":"tag-la-hoya-de-bunol-chiva"},"_links":{"self":[{"href":"https:\/\/www.tucomarca.com\/wordpress\/segunda\/wp-json\/wp\/v2\/posts\/170550","targetHints":{"allow":["GET"]}}],"collection":[{"href":"https:\/\/www.tucomarca.com\/wordpress\/segunda\/wp-json\/wp\/v2\/posts"}],"about":[{"href":"https:\/\/www.tucomarca.com\/wordpress\/segunda\/wp-json\/wp\/v2\/types\/post"}],"author":[{"embeddable":true,"href":"https:\/\/www.tucomarca.com\/wordpress\/segunda\/wp-json\/wp\/v2\/users\/12"}],"replies":[{"embeddable":true,"href":"https:\/\/www.tucomarca.com\/wordpress\/segunda\/wp-json\/wp\/v2\/comments?post=170550"}],"version-history":[{"count":0,"href":"https:\/\/www.tucomarca.com\/wordpress\/segunda\/wp-json\/wp\/v2\/posts\/170550\/revisions"}],"wp:featuredmedia":[{"embeddable":true,"href":"https:\/\/www.tucomarca.com\/wordpress\/segunda\/wp-json\/wp\/v2\/media\/170552"}],"wp:attachment":[{"href":"https:\/\/www.tucomarca.com\/wordpress\/segunda\/wp-json\/wp\/v2\/media?parent=170550"}],"wp:term":[{"taxonomy":"category","embeddable":true,"href":"https:\/\/www.tucomarca.com\/wordpress\/segunda\/wp-json\/wp\/v2\/categories?post=170550"},{"taxonomy":"post_tag","embeddable":true,"href":"https:\/\/www.tucomarca.com\/wordpress\/segunda\/wp-json\/wp\/v2\/tags?post=170550"}],"curies":[{"name":"wp","href":"https:\/\/api.w.org\/{rel}","templated":true}]}}