{"id":170683,"date":"2022-10-21T20:19:00","date_gmt":"2022-10-21T18:19:00","guid":{"rendered":"https:\/\/www.tucomarca.com\/wordpress\/segunda\/?p=170683"},"modified":"2022-10-24T13:22:49","modified_gmt":"2022-10-24T11:22:49","slug":"sanidad-notifica-11-fallecimientos-y-2-195-nuevos-casos-de-coronavirus-en-la-comunitat-valenciana-1-352-de-ellos-en-personas-mayores-de-60-anos","status":"publish","type":"post","link":"https:\/\/www.tucomarca.com\/wordpress\/segunda\/sanidad-notifica-11-fallecimientos-y-2-195-nuevos-casos-de-coronavirus-en-la-comunitat-valenciana-1-352-de-ellos-en-personas-mayores-de-60-anos\/","title":{"rendered":"Sanidad notifica 11 fallecimientos y 2.195 nuevos casos de coronavirus en la Comunitat Valenciana, 1.352 de ellos en personas mayores de 60 a\u00f1os"},"content":{"rendered":"\n<p><strong>Los hospitales valencianos tienen 290 personas ingresadas por COVID, 16 de ellas en la UCI<\/strong><\/p>\n\n\n\n<p>La Conselleria de Sanidad Universal y Salud P\u00fablica ha notificado un total de 2.195 nuevos casos de coronavirus confirmados por prueba PCR o a trav\u00e9s de test de ant\u00edgenos desde la \u00faltima actualizaci\u00f3n el pasado viernes. Los nuevos casos por provincias son 295 en Castell\u00f3n (192.275 en total), 582 en Alicante (528.963 en total), y 1.318 en Valencia (838.247 en total).<\/p>\n\n\n\n<p>De ellos, 1.352 son de personas mayores de 60 a\u00f1os. Por provincias: 185 de Castell\u00f3n, 374 de Alicante y 793 de Valencia.<\/p>\n\n\n\n<p>Los hospitales valencianos tienen actualmente 290 personas ingresadas por COVID, 16 de ellas en la UCI: 40 en la provincia de Castell\u00f3n, 0 en UCI; 73 en la provincia de Alicante, 4 de ellas en la UCI, y 177 en la provincia de Valencia, 12 en UCI.<\/p>\n\n\n\n<p>Se han notificado 11 fallecimientos por coronavirus desde la \u00faltima actualizaci\u00f3n, todos con fecha de defunci\u00f3n en los \u00faltimos 15 d\u00edas excepto tres de julio, agosto y septiembre. Se trata de 5 mujeres de entre 63 y 94 a\u00f1os, y 6 hombres de entre 81 y 91. El total de decesos desde el inicio de la pandemia asciende a 10.106: 1.200 en la provincia de Castell\u00f3n, 3.857 en la de Alicante y 5.049 en la de Valencia.<\/p>\n","protected":false},"excerpt":{"rendered":"<div class=\"mh-excerpt\">Los hospitales valencianos tienen 290 personas ingresadas por COVID, 16 de ellas en la UCI La Conselleria de Sanidad Universal y Salud P\u00fablica ha notificado un total de 2.195 nuevos casos de coronavirus confirmados por <a class=\"mh-excerpt-more\" href=\"https:\/\/www.tucomarca.com\/wordpress\/segunda\/sanidad-notifica-11-fallecimientos-y-2-195-nuevos-casos-de-coronavirus-en-la-comunitat-valenciana-1-352-de-ellos-en-personas-mayores-de-60-anos\/\" title=\"Sanidad notifica 11 fallecimientos y 2.195 nuevos casos de coronavirus en la Comunitat Valenciana, 1.352 de ellos en personas mayores de 60 a\u00f1os\">[+] <\/a><\/div>\n","protected":false},"author":1,"featured_media":148065,"comment_status":"open","ping_status":"open","sticky":false,"template":"","format":"standard","meta":{"footnotes":""},"categories":[119,12201,128,8,72,117,142,3,116],"tags":[11937,11938,2142,2105],"class_list":{"0":"post-170683","1":"post","2":"type-post","3":"status-publish","4":"format-standard","5":"has-post-thumbnail","7":"category-sanidad-la-comarca","8":"category-covid-19","9":"category-infraestructuras","10":"category-la-comarca","11":"category-sin-categorizar","12":"category-medio-ambiente-la-comarca","13":"category-politica-la-comarca","14":"category-seccion","15":"category-sucesos-la-comarca","16":"tag-coronavirus","17":"tag-covid-19","18":"tag-la-comunitat","19":"tag-vacunas"},"_links":{"self":[{"href":"https:\/\/www.tucomarca.com\/wordpress\/segunda\/wp-json\/wp\/v2\/posts\/170683","targetHints":{"allow":["GET"]}}],"collection":[{"href":"https:\/\/www.tucomarca.com\/wordpress\/segunda\/wp-json\/wp\/v2\/posts"}],"about":[{"href":"https:\/\/www.tucomarca.com\/wordpress\/segunda\/wp-json\/wp\/v2\/types\/post"}],"author":[{"embeddable":true,"href":"https:\/\/www.tucomarca.com\/wordpress\/segunda\/wp-json\/wp\/v2\/users\/1"}],"replies":[{"embeddable":true,"href":"https:\/\/www.tucomarca.com\/wordpress\/segunda\/wp-json\/wp\/v2\/comments?post=170683"}],"version-history":[{"count":0,"href":"https:\/\/www.tucomarca.com\/wordpress\/segunda\/wp-json\/wp\/v2\/posts\/170683\/revisions"}],"wp:featuredmedia":[{"embeddable":true,"href":"https:\/\/www.tucomarca.com\/wordpress\/segunda\/wp-json\/wp\/v2\/media\/148065"}],"wp:attachment":[{"href":"https:\/\/www.tucomarca.com\/wordpress\/segunda\/wp-json\/wp\/v2\/media?parent=170683"}],"wp:term":[{"taxonomy":"category","embeddable":true,"href":"https:\/\/www.tucomarca.com\/wordpress\/segunda\/wp-json\/wp\/v2\/categories?post=170683"},{"taxonomy":"post_tag","embeddable":true,"href":"https:\/\/www.tucomarca.com\/wordpress\/segunda\/wp-json\/wp\/v2\/tags?post=170683"}],"curies":[{"name":"wp","href":"https:\/\/api.w.org\/{rel}","templated":true}]}}