{"id":170704,"date":"2022-10-24T12:12:00","date_gmt":"2022-10-24T10:12:00","guid":{"rendered":"https:\/\/www.tucomarca.com\/wordpress\/segunda\/?p=170704"},"modified":"2022-10-24T15:16:15","modified_gmt":"2022-10-24T13:16:15","slug":"benaguasil-lanza-una-campana-comercial-para-incentivar-las-compras","status":"publish","type":"post","link":"https:\/\/www.tucomarca.com\/wordpress\/segunda\/benaguasil-lanza-una-campana-comercial-para-incentivar-las-compras\/","title":{"rendered":"Benaguasil lanza una campa\u00f1a comercial para incentivar las compras&nbsp;"},"content":{"rendered":"\n<h4 class=\"wp-block-heading\">Se sortear\u00e1n 300\u20ac entre todas las compras que se realicen del 24 al 30 de octubre.<\/h4>\n\n\n\n<h4 class=\"wp-block-heading\">El objetivo de esta iniciativa es apoyar, dinamizar&nbsp;y promocionar al sector comercial de Benaguasil.<\/h4>\n\n\n\n<p>Con motivo de la celebraci\u00f3n del D\u00eda del Comercio Local el d\u00eda 25 de octubre, el Ayuntamiento de Benaguasil, a trav\u00e9s de la concejal\u00eda de Promoci\u00f3n Econ\u00f3mica, ha puesto en marcha una campa\u00f1a para dinamizar e incentivar las compras en el comercio local y de proximidad, uno de los principales motores econ\u00f3micos del municipio.<\/p>\n\n\n\n<p>A trav\u00e9s de esta iniciativa, que tambi\u00e9n cuenta con la colaboraci\u00f3n de Empresaris de Benaguasil, las personas que realicen compras en los comercios locales entre el 24 y el 30 de octubre podr\u00e1n participar en el sorteo de 300\u20ac. Todas las compras que se realicen en este periodo de tiempo, tendr\u00e1n la posibilidad de optar a este cheque regalo que se sortear\u00e1 el 31 de octubre.<\/p>\n\n\n\n<p>Para ello cada vez que realicen una compra en los establecimientos comerciales pertenecientes a la asociaci\u00f3n Empresaris de Benaguasil, deber\u00e1n rellenar un cup\u00f3n con sus datos y depositarlo en las urnas habilitadas. La persona ganadora&nbsp;podr\u00e1 gastar el premio en cualquiera de las tiendas asociadas.<\/p>\n\n\n\n<p>La edil Patricia Merenciano ha se\u00f1alado que \u201cdesde el Ayuntamiento queremos celebrar el d\u00eda del Comercio Local con esta campa\u00f1a para poner en valor el trabajo y la labor del empresariado y acercar a la poblaci\u00f3n el comercio de proximidad\u201d. &nbsp;<\/p>\n\n\n\n<p>La concejala ha animado a los vecinos a \u201crealizar las compras en las tiendas de cercan\u00eda para reivindicar nuestros&nbsp;comercios&nbsp;tradicionales, promocionarlos y activarlos, al tiempo que ha dado las gracias a los empresarios por contribuir a hacer grande nuestro municipio\u201d.<\/p>\n","protected":false},"excerpt":{"rendered":"<div class=\"mh-excerpt\">Se sortear\u00e1n 300\u20ac entre todas las compras que se realicen del 24 al 30 de octubre. El objetivo de esta iniciativa es apoyar, dinamizar&nbsp;y promocionar al sector comercial de Benaguasil. Con motivo de la celebraci\u00f3n <a class=\"mh-excerpt-more\" href=\"https:\/\/www.tucomarca.com\/wordpress\/segunda\/benaguasil-lanza-una-campana-comercial-para-incentivar-las-compras\/\" title=\"Benaguasil lanza una campa\u00f1a comercial para incentivar las compras&nbsp;\">[+] <\/a><\/div>\n","protected":false},"author":12,"featured_media":170706,"comment_status":"open","ping_status":"open","sticky":false,"template":"","format":"standard","meta":{"footnotes":""},"categories":[172,46,128,8,142,3],"tags":[10429,10395,2904],"class_list":{"0":"post-170704","1":"post","2":"type-post","3":"status-publish","4":"format-standard","5":"has-post-thumbnail","7":"category-benaguasil","8":"category-camp-de-turia","9":"category-infraestructuras","10":"category-la-comarca","11":"category-politica-la-comarca","12":"category-seccion","13":"tag-benaguasil","14":"tag-camp-de-turia","15":"tag-campana-comercial"},"_links":{"self":[{"href":"https:\/\/www.tucomarca.com\/wordpress\/segunda\/wp-json\/wp\/v2\/posts\/170704","targetHints":{"allow":["GET"]}}],"collection":[{"href":"https:\/\/www.tucomarca.com\/wordpress\/segunda\/wp-json\/wp\/v2\/posts"}],"about":[{"href":"https:\/\/www.tucomarca.com\/wordpress\/segunda\/wp-json\/wp\/v2\/types\/post"}],"author":[{"embeddable":true,"href":"https:\/\/www.tucomarca.com\/wordpress\/segunda\/wp-json\/wp\/v2\/users\/12"}],"replies":[{"embeddable":true,"href":"https:\/\/www.tucomarca.com\/wordpress\/segunda\/wp-json\/wp\/v2\/comments?post=170704"}],"version-history":[{"count":0,"href":"https:\/\/www.tucomarca.com\/wordpress\/segunda\/wp-json\/wp\/v2\/posts\/170704\/revisions"}],"wp:featuredmedia":[{"embeddable":true,"href":"https:\/\/www.tucomarca.com\/wordpress\/segunda\/wp-json\/wp\/v2\/media\/170706"}],"wp:attachment":[{"href":"https:\/\/www.tucomarca.com\/wordpress\/segunda\/wp-json\/wp\/v2\/media?parent=170704"}],"wp:term":[{"taxonomy":"category","embeddable":true,"href":"https:\/\/www.tucomarca.com\/wordpress\/segunda\/wp-json\/wp\/v2\/categories?post=170704"},{"taxonomy":"post_tag","embeddable":true,"href":"https:\/\/www.tucomarca.com\/wordpress\/segunda\/wp-json\/wp\/v2\/tags?post=170704"}],"curies":[{"name":"wp","href":"https:\/\/api.w.org\/{rel}","templated":true}]}}