{"id":17083,"date":"2013-08-09T11:18:17","date_gmt":"2013-08-09T08:18:17","guid":{"rendered":"http:\/\/www.tucomarca.com\/wordpress\/segunda\/?p=17083"},"modified":"2013-08-09T11:22:29","modified_gmt":"2013-08-09T08:22:29","slug":"presentada-la-novillada-de-requena-prevista-para-el-dia-31-de-agosto","status":"publish","type":"post","link":"https:\/\/www.tucomarca.com\/wordpress\/segunda\/presentada-la-novillada-de-requena-prevista-para-el-dia-31-de-agosto\/","title":{"rendered":"Presentada la novillada de Requena prevista para el d\u00eda 31 de agosto"},"content":{"rendered":"<p><figure id=\"attachment_17084\" aria-describedby=\"caption-attachment-17084\" style=\"width: 300px\" class=\"wp-caption alignleft\"><a href=\"https:\/\/www.tucomarca.com\/wordpress\/segunda\/?attachment_id=17084\" rel=\"attachment wp-att-17084\"><img loading=\"lazy\" decoding=\"async\" src=\"https:\/\/www.tucomarca.com\/wordpress\/segunda\/wp-content\/uploads\/2013\/08\/Requena-cartel-300x199.jpg\" alt=\"\" title=\"Requena cartel\" width=\"300\" height=\"199\" class=\"size-medium wp-image-17084\" srcset=\"https:\/\/www.tucomarca.com\/wordpress\/segunda\/wp-content\/uploads\/2013\/08\/Requena-cartel-300x199.jpg 300w, https:\/\/www.tucomarca.com\/wordpress\/segunda\/wp-content\/uploads\/2013\/08\/Requena-cartel.jpg 800w\" sizes=\"auto, (max-width: 300px) 100vw, 300px\" \/><\/a><figcaption id=\"caption-attachment-17084\" class=\"wp-caption-text\">Participantes en la puesta de largo del cartel. tc.c<\/figcaption><\/figure>Ya se ha presentado el cartel taurino de la novillada que se celebrar\u00e1 el pr\u00f3ximo s\u00e1bado 31 de Agosto a las 18H en la Plaza de Toros de Requena  en el marco de la pr\u00f3xima Feria y Fiesta de la vendimia.<\/p>\n<p>El acto llevado acabo en el Palacio del Cid, result\u00f3 ameno e interesante. Con la direcci\u00f3n del concejal de cultura, Pablo Mart\u00ednez, y la participaron los novilleros Je\u00fas Duque de Requena, Rom\u00e1n Collado de Valencia y Vicente Soler de Castell\u00f3n, as\u00ed como de los empresarios Jos\u00e9 Mar\u00eda Rodr\u00edguez y Jes\u00fas Dom\u00ednguez, (Torosanda y Toros la Plana) respectivamente, quienes apuestan \u00abpor recuperar la plaza y que el p\u00fablico vuelva a llenar los tendidos, para en pr\u00f3ximas ediciones poder hacer corrida de toros\u00bb.<\/p>\n<p>Los novilleros por su parte agradecieron a la empresa la organizaci\u00f3n de esta novillada en estos tiempos tan dif\u00edciles, resaltando el ganado elegido para el evento, MILLARES.<\/p>\n<p>Al acto fue presidido por Javier Berasaluce, quien destac\u00f3 la presencia en el cartel de nuestro paisano Jes\u00fas Duque, as\u00ed como la seriedad demostrada por la empresa organizadora.<\/p>\n","protected":false},"excerpt":{"rendered":"<div class=\"mh-excerpt\">Ya se ha presentado el cartel taurino de la novillada que se celebrar\u00e1 el pr\u00f3ximo s\u00e1bado 31 de Agosto a las 18H en la Plaza de Toros de Requena en el marco de la pr\u00f3xima <a class=\"mh-excerpt-more\" href=\"https:\/\/www.tucomarca.com\/wordpress\/segunda\/presentada-la-novillada-de-requena-prevista-para-el-dia-31-de-agosto\/\" title=\"Presentada la novillada de Requena prevista para el d\u00eda 31 de agosto\">[+] <\/a><\/div>\n","protected":false},"author":2,"featured_media":17084,"comment_status":"open","ping_status":"open","sticky":false,"template":"","format":"standard","meta":{"footnotes":""},"categories":[8,28,27,3,45],"tags":[978,1582,1581,10388,241],"class_list":{"0":"post-17083","1":"post","2":"type-post","3":"status-publish","4":"format-standard","5":"has-post-thumbnail","7":"category-la-comarca","8":"category-requena","9":"category-requena-utiel","10":"category-seccion","11":"category-ventana","12":"tag-cartel","13":"tag-novillada","14":"tag-presnetacion","15":"tag-requena","16":"tag-taurino"},"_links":{"self":[{"href":"https:\/\/www.tucomarca.com\/wordpress\/segunda\/wp-json\/wp\/v2\/posts\/17083","targetHints":{"allow":["GET"]}}],"collection":[{"href":"https:\/\/www.tucomarca.com\/wordpress\/segunda\/wp-json\/wp\/v2\/posts"}],"about":[{"href":"https:\/\/www.tucomarca.com\/wordpress\/segunda\/wp-json\/wp\/v2\/types\/post"}],"author":[{"embeddable":true,"href":"https:\/\/www.tucomarca.com\/wordpress\/segunda\/wp-json\/wp\/v2\/users\/2"}],"replies":[{"embeddable":true,"href":"https:\/\/www.tucomarca.com\/wordpress\/segunda\/wp-json\/wp\/v2\/comments?post=17083"}],"version-history":[{"count":0,"href":"https:\/\/www.tucomarca.com\/wordpress\/segunda\/wp-json\/wp\/v2\/posts\/17083\/revisions"}],"wp:featuredmedia":[{"embeddable":true,"href":"https:\/\/www.tucomarca.com\/wordpress\/segunda\/wp-json\/wp\/v2\/media\/17084"}],"wp:attachment":[{"href":"https:\/\/www.tucomarca.com\/wordpress\/segunda\/wp-json\/wp\/v2\/media?parent=17083"}],"wp:term":[{"taxonomy":"category","embeddable":true,"href":"https:\/\/www.tucomarca.com\/wordpress\/segunda\/wp-json\/wp\/v2\/categories?post=17083"},{"taxonomy":"post_tag","embeddable":true,"href":"https:\/\/www.tucomarca.com\/wordpress\/segunda\/wp-json\/wp\/v2\/tags?post=17083"}],"curies":[{"name":"wp","href":"https:\/\/api.w.org\/{rel}","templated":true}]}}