{"id":171041,"date":"2022-10-27T13:15:00","date_gmt":"2022-10-27T11:15:00","guid":{"rendered":"https:\/\/www.tucomarca.com\/wordpress\/segunda\/?p=171041"},"modified":"2022-10-28T01:36:13","modified_gmt":"2022-10-27T23:36:13","slug":"el-teatro-montecarlo-acogera-el-proximo-sabado-dia-5-la-obra-madonna-dentro-de-la-agenda-cultural-del-mes-de-noviembre-bunol-actua","status":"publish","type":"post","link":"https:\/\/www.tucomarca.com\/wordpress\/segunda\/el-teatro-montecarlo-acogera-el-proximo-sabado-dia-5-la-obra-madonna-dentro-de-la-agenda-cultural-del-mes-de-noviembre-bunol-actua\/","title":{"rendered":"El teatro Montecarlo acoger\u00e1 el pr\u00f3ximo s\u00e1bado, d\u00eda 5, la obra Madonna, dentro de la agenda cultural del mes de noviembre \u00abBu\u00f1ol Act\u00faa\u00bb"},"content":{"rendered":"\n<p>El pr\u00f3ximo s\u00e1bado 5 de noviembre, a las 19,00 h. la compa\u00f1\u00eda de teatro Patricia Pardo pondr\u00e1 sobre las tablas del Teatro Montecarlo la obra \u00abMadonna\u00bb, organizada por la concejal\u00eda de Cultura en colaboraci\u00f3n con el \u00c1rea de Cultura de la Diputaci\u00f3n y SARC.<\/p>\n\n\n\n<p>Entrada anticipada: 8 euros en droguer\u00eda La Plaza, Moda y Complementos Marina, biblioteca municipal y kiosco Desi (Ventas). Tambi\u00e9n se podr\u00e1n adquirir antes de la funci\u00f3n en taquilla por 10 euros.<\/p>\n\n\n\n<p>Madonna es el viaje de una familia: gata, abuela, madre e hija. Una familia que en su periplo ir\u00e1 ampli\u00e1ndose con la incorporaci\u00f3n de un cordero. El viaje vital de los personajes acabar\u00e1 en una acci\u00f3n de plegaria, acciones de gracias, recuerdo, s\u00faplica y arrepentimiento delante de la Virgen de los Desamparados.<\/p>\n\n\n\n<p>\u00abNo queremos enaltecer ning\u00fan acto religioso, sino utilizar la teatralidad de la liturgia para expresar art\u00edsticamente nuestras inquietudes alrededor de la empat\u00eda, el respeto y los cuidados, es decir, el amor\u00bb.<\/p>\n\n\n\n<p>As\u00ed, partimos de una dramaturgia periplo que homenajear\u00e1 la circense cl\u00e1sica-cabaret, de n\u00fameros. Es decir, el transcurso del viaje de los personajes protagonistas que padecen y disfrutan en su tr\u00e1nsito (un tr\u00e1nsito vinculado al amor al pr\u00f3jimo concretado en las hijas y los animales) se conformar\u00e1 a trav\u00e9s de&nbsp;n\u00fameros circenses con met\u00e1foras.<\/p>\n\n\n\n<p>Los n\u00fameros incluir\u00e1n las disciplinas clown, acrobacia y equilibrios, adem\u00e1s de tres mon\u00f3logos explosionados entre las disciplinas circenses. Y les acompa\u00f1ar\u00e1 una int\u00e9rprete de signos, integrada en la escena, que adem\u00e1s de formar parte del cuadro art\u00edstico, en tanto que presencia esc\u00e9nica, ser\u00e1 la traductora de los textos a lengua de signos.<\/p>\n\n\n\n<p>Navegar entre la expresi\u00f3n circense convencional y el lenguaje esc\u00e9nico contempor\u00e1neo, utilizando cualquier herramienta art\u00edstica al abasto, renegar de los par\u00e1metros conservadores de la escena cuando sea necesario.<\/p>\n\n\n\n<p>\u00abAdentrarnos en la fragilidad y la tozuder\u00eda del clown, pero tambi\u00e9n en el juego de la ficci\u00f3n y la realidad, la autoficci\u00f3n, y en la utilizaci\u00f3n de la habilidad f\u00edsica y el gag como medio narrativo o metaf\u00f3rico y no exclusivamente como habilidad f\u00edsica o espectacular; aspirar a construir im\u00e1genes-met\u00e1fora que parodien el egocentrismo, la debilidad, la contradicci\u00f3n nuestra a la hora de encontrar el equilibrio entre el propio bienestar y el de&nbsp;los otros\u00bb.<\/p>\n","protected":false},"excerpt":{"rendered":"<div class=\"mh-excerpt\">El pr\u00f3ximo s\u00e1bado 5 de noviembre, a las 19,00 h. la compa\u00f1\u00eda de teatro Patricia Pardo pondr\u00e1 sobre las tablas del Teatro Montecarlo la obra \u00abMadonna\u00bb, organizada por la concejal\u00eda de Cultura en colaboraci\u00f3n con <a class=\"mh-excerpt-more\" href=\"https:\/\/www.tucomarca.com\/wordpress\/segunda\/el-teatro-montecarlo-acogera-el-proximo-sabado-dia-5-la-obra-madonna-dentro-de-la-agenda-cultural-del-mes-de-noviembre-bunol-actua\/\" title=\"El teatro Montecarlo acoger\u00e1 el pr\u00f3ximo s\u00e1bado, d\u00eda 5, la obra Madonna, dentro de la agenda cultural del mes de noviembre \u00abBu\u00f1ol Act\u00faa\u00bb\">[+] <\/a><\/div>\n","protected":false},"author":12,"featured_media":171045,"comment_status":"open","ping_status":"open","sticky":false,"template":"","format":"standard","meta":{"footnotes":""},"categories":[4,18,8,10,7,3],"tags":[10385,14721,5952,18166],"class_list":{"0":"post-171041","1":"post","2":"type-post","3":"status-publish","4":"format-standard","5":"has-post-thumbnail","7":"category-agenda","8":"category-bunol","9":"category-la-comarca","10":"category-la-hoya","11":"category-ocio-y-cultura","12":"category-seccion","13":"tag-bunol","14":"tag-bunol-actua","15":"tag-la-hoya-de-bunol-chiva","16":"tag-madonna"},"_links":{"self":[{"href":"https:\/\/www.tucomarca.com\/wordpress\/segunda\/wp-json\/wp\/v2\/posts\/171041","targetHints":{"allow":["GET"]}}],"collection":[{"href":"https:\/\/www.tucomarca.com\/wordpress\/segunda\/wp-json\/wp\/v2\/posts"}],"about":[{"href":"https:\/\/www.tucomarca.com\/wordpress\/segunda\/wp-json\/wp\/v2\/types\/post"}],"author":[{"embeddable":true,"href":"https:\/\/www.tucomarca.com\/wordpress\/segunda\/wp-json\/wp\/v2\/users\/12"}],"replies":[{"embeddable":true,"href":"https:\/\/www.tucomarca.com\/wordpress\/segunda\/wp-json\/wp\/v2\/comments?post=171041"}],"version-history":[{"count":0,"href":"https:\/\/www.tucomarca.com\/wordpress\/segunda\/wp-json\/wp\/v2\/posts\/171041\/revisions"}],"wp:featuredmedia":[{"embeddable":true,"href":"https:\/\/www.tucomarca.com\/wordpress\/segunda\/wp-json\/wp\/v2\/media\/171045"}],"wp:attachment":[{"href":"https:\/\/www.tucomarca.com\/wordpress\/segunda\/wp-json\/wp\/v2\/media?parent=171041"}],"wp:term":[{"taxonomy":"category","embeddable":true,"href":"https:\/\/www.tucomarca.com\/wordpress\/segunda\/wp-json\/wp\/v2\/categories?post=171041"},{"taxonomy":"post_tag","embeddable":true,"href":"https:\/\/www.tucomarca.com\/wordpress\/segunda\/wp-json\/wp\/v2\/tags?post=171041"}],"curies":[{"name":"wp","href":"https:\/\/api.w.org\/{rel}","templated":true}]}}