{"id":17114,"date":"2013-08-10T12:54:18","date_gmt":"2013-08-10T09:54:18","guid":{"rendered":"http:\/\/www.tucomarca.com\/wordpress\/segunda\/?p=17114"},"modified":"2013-08-10T12:54:18","modified_gmt":"2013-08-10T09:54:18","slug":"arranque-festivo-en-yatova","status":"publish","type":"post","link":"https:\/\/www.tucomarca.com\/wordpress\/segunda\/arranque-festivo-en-yatova\/","title":{"rendered":"Arranque festivo en Y\u00e1tova"},"content":{"rendered":"<p>El s\u00e1bado, d\u00eda 10, a las 23 horas comenzar\u00e1 la recogida y proclamaci\u00f3n de la musa y corte de honor de la Uni\u00f3n Musical de Y\u00e1tova. Posteriormente habr\u00e1 discom\u00f3vil en el local social de la citada agrupaci\u00f3n hasta que el cuerpo aguante. El lunes 12, la jornada estar\u00e1 principalmente dedicada al deporte. A partir de las 21,30 horas s suceder\u00e1n las semifinales de f\u00fatbol sala en las distintas categor\u00edas. Posteriormente, se proceder\u00e1 al pintado y adorno de las calles por parte de los integrantes de la Comisi\u00f3n de Fiestas. Ya de madrugada, los vecinos de las calles participantes que sigan despiertos tendr\u00e1n la oportunidad de disfrutar de una jugosa chocolat\u00e0.  Un d\u00eda m\u00e1s tarde, a las 19 horas, la Comisi\u00f3n de Festejos visitar\u00e1 las calles engalanadas y proceder\u00e1 al reparto de obsequios. A las 21,30 horas, el polideportivo municipal acoger\u00e1 el resto de semifinales de f\u00fatbol sala en categor\u00eda Infantil, Libre y Femenina.<br \/>\nEl mi\u00e9rcoles 14, el d\u00eda comenzar\u00e1 a las 12 horas con el homenaje a la Tercera Edad en el que destaca el pasacalle junto a las autoridades locales y una comida de hermandad. Por la tarde, concretamente a las 20 horas, el parque de San Vicente es el escenario elegido para la celebraci\u00f3n de la cena de sobaquillo y el cine de verano con la proyecci\u00f3n de la pel\u00edcula Gangster Squad (Brigada de \u00c9lite).<\/p>\n","protected":false},"excerpt":{"rendered":"<div class=\"mh-excerpt\">El s\u00e1bado, d\u00eda 10, a las 23 horas comenzar\u00e1 la recogida y proclamaci\u00f3n de la musa y corte de honor de la Uni\u00f3n Musical de Y\u00e1tova. Posteriormente habr\u00e1 discom\u00f3vil en el local social de la <a class=\"mh-excerpt-more\" href=\"https:\/\/www.tucomarca.com\/wordpress\/segunda\/arranque-festivo-en-yatova\/\" title=\"Arranque festivo en Y\u00e1tova\">[+] <\/a><\/div>\n","protected":false},"author":2,"featured_media":0,"comment_status":"open","ping_status":"open","sticky":false,"template":"","format":"standard","meta":{"footnotes":""},"categories":[4,3],"tags":[1595,10380],"class_list":{"0":"post-17114","1":"post","2":"type-post","3":"status-publish","4":"format-standard","6":"category-agenda","7":"category-seccion","8":"tag-inicio-fiestas","9":"tag-yatova"},"_links":{"self":[{"href":"https:\/\/www.tucomarca.com\/wordpress\/segunda\/wp-json\/wp\/v2\/posts\/17114","targetHints":{"allow":["GET"]}}],"collection":[{"href":"https:\/\/www.tucomarca.com\/wordpress\/segunda\/wp-json\/wp\/v2\/posts"}],"about":[{"href":"https:\/\/www.tucomarca.com\/wordpress\/segunda\/wp-json\/wp\/v2\/types\/post"}],"author":[{"embeddable":true,"href":"https:\/\/www.tucomarca.com\/wordpress\/segunda\/wp-json\/wp\/v2\/users\/2"}],"replies":[{"embeddable":true,"href":"https:\/\/www.tucomarca.com\/wordpress\/segunda\/wp-json\/wp\/v2\/comments?post=17114"}],"version-history":[{"count":0,"href":"https:\/\/www.tucomarca.com\/wordpress\/segunda\/wp-json\/wp\/v2\/posts\/17114\/revisions"}],"wp:attachment":[{"href":"https:\/\/www.tucomarca.com\/wordpress\/segunda\/wp-json\/wp\/v2\/media?parent=17114"}],"wp:term":[{"taxonomy":"category","embeddable":true,"href":"https:\/\/www.tucomarca.com\/wordpress\/segunda\/wp-json\/wp\/v2\/categories?post=17114"},{"taxonomy":"post_tag","embeddable":true,"href":"https:\/\/www.tucomarca.com\/wordpress\/segunda\/wp-json\/wp\/v2\/tags?post=17114"}],"curies":[{"name":"wp","href":"https:\/\/api.w.org\/{rel}","templated":true}]}}