{"id":171140,"date":"2022-10-31T16:00:00","date_gmt":"2022-10-31T14:00:00","guid":{"rendered":"https:\/\/www.tucomarca.com\/wordpress\/segunda\/?p=171140"},"modified":"2022-10-31T18:02:29","modified_gmt":"2022-10-31T16:02:29","slug":"la-carrera-popular-de-cheste-congrega-a-400-atletas","status":"publish","type":"post","link":"https:\/\/www.tucomarca.com\/wordpress\/segunda\/la-carrera-popular-de-cheste-congrega-a-400-atletas\/","title":{"rendered":"La carrera popular de Cheste congrega a 400 atletas"},"content":{"rendered":"\n<p>Cheste celebr\u00f3 el pasado s\u00e1bado, 29 de octubre, la Carrera Popular 10K+5K, una prueba organizada por la concejal\u00eda de Deportes del Ayuntamiento y patrocinada por la Fundaci\u00f3n cajacheste y Galesa que reuni\u00f3 a cerca de 400 atletas de todas las edades.<\/p>\n\n\n\n<p>La prueba arranc\u00f3 a las 18:00 en la plaza Doctor Cajal y const\u00f3 de dos recorridos, uno de 5 kil\u00f3metros y otro de 10. El primero estuvo protagonizado por la participaci\u00f3n del alumnado del IES Ricardo Mar\u00edn de Cheste, el grupo m\u00e1s numeroso de la carrera, con 93 participantes.\u201cSomos tantos alumnos participando porque nuestro profesor de Educaci\u00f3n F\u00edsica nos ha animado a venir, ya que as\u00ed tendremos m\u00e1s nota en la asignatura; pero la verdad es que la experiencia nos ha gustado mucho y seguramente repetiremos en pr\u00f3ximas ocasiones\u201d, explicaba Berta Viadel, alumna del instituto.<\/p>\n\n\n\n<p>Por su parte, el trazado largo estuvo marcado por la victoria de Luis F\u00e9lix Mart\u00ednez, del C.A. C\u00e1rnicas Serrano, y de Zahira Alegre Navarro, corredora del C.A. Utiel. La prueba concluy\u00f3 en la misma plaza, donde se hab\u00eda instalado la zona de avituallamiento y un espacio de masaje gratuito para los y las participantes en la carrera, a cargo de la Escuela de Quiromasaje de Valencia.<\/p>\n\n\n\n<p>La carrera dedic\u00f3 dos euros de cada inscripci\u00f3n a una causa solidaria, contribuyendo con las asociaciones Aspani\u00f3n y Payasospital y se presentaba como un reconocimiento deportivo al atleta Luis F\u00e9lix Mart\u00ednez, asiduo en las pruebas chestanas y conocido por su larga y exitosa trayectoria deportiva. \u201cHace a\u00f1os que comenc\u00e9 a participar en las carreras de Cheste y establec\u00ed un v\u00ednculo muy especial con Paco Fortea, concejal de Deportes en aquella \u00e9poca, por eso cada vez que se hac\u00eda alguna prueba en Cheste \u00e9l me invitaba y yo no pod\u00eda fallar. Ese v\u00ednculo con el Ayuntamiento ha continuado despu\u00e9s y he seguido viniendo. El hecho de que me hayan hecho este reconocimiento me ha hecho querer ganar con m\u00e1s fuerzas\u201d, declaraba Luis F\u00e9lix, tras completar los 10 kil\u00f3metros. \u201cHe venido tantas veces que ya conozco este recorrido, se trata de un circuito de subidas y bajadas, no son cuestas pronunciadas, pero s\u00ed exigentes\u201d.<\/p>\n\n\n\n<p>La tarde estuvo amenizada por la m\u00fasica del DJ local V\u00edctor G\u00f3mez y cont\u00f3 con la presencia del concejal de Deportes, Francisco Llorens, y del alcalde de Cheste, Jos\u00e9 Morell, quienes junto a Fernando Nadal, en representaci\u00f3n de la Fundaci\u00f3n cajacheste, y Julia Bele\u00f1a, en nombre de Galesa, como empresas patrocinadoras del evento, realizaron la entrega de premios.<\/p>\n\n\n\n<p>\u201cQuiero agradecer la participaci\u00f3n del alumnado del IES: esta es la primera de muchas otras colaboraciones deportivas que esperamos hacer con este centro. Tambi\u00e9n estoy muy satisfecho de que el Club de Atletismo de Cheste haya participado al completo; ya que nuestra idea es que promocionar el deporte entre chestanos y chestanas, para que, adem\u00e1s de venir gente de fuera, tambi\u00e9n nuestros deportistas est\u00e9n siempre presentes\u201d, explicaba el concejal. \u201cPor otra parte, quiero agradecer a Luis F\u00e9lix que haya apadrinado esta carrera y que haya venido hoy; tambi\u00e9n agradezco infinitamente la implicaci\u00f3n de todas las personas voluntarias y a las asociaciones locales&nbsp; que han colaborado en el desarrollo de este evento, as\u00ed como el trabajo que han realizado la Polic\u00eda Local y Protecci\u00f3n Civil. Por \u00faltimo, quiero poner en valor algo fundamental a la hora de programar un evento como este: el patrocino de Galesa y de la Fundaci\u00f3n cajacheste. Esta \u00faltima entidad colabora en pr\u00e1cticamente todas las actividades deportivas y su apoyo es muy importante para nosotros\u201d.<\/p>\n\n\n\n<p>Tal y como anunci\u00f3 Llorens, se van a iniciar los tr\u00e1mites para incluir la carrera de Cheste dentro del Circuito de Carreras de la Diputaci\u00f3n. \u201cDe esta forma creo que la carrera tendr\u00e1 mejor empaque, ya que, de forma independiente, a d\u00eda de hoy, es muy dif\u00edcil encontrar el mejor momento para programar este tipo de pruebas porque el calendario de carreras est\u00e1 muy completo. Sin ir m\u00e1s lejos, ma\u00f1ana es la Runc\u00e1ncer de Valencia y esta misma tarde hay otra carrera en Liria\u201d, apuntaba. \u201cA\u00fan as\u00ed hoy creo que podemos decir que la Carrera Popular de Cheste ha sido un \u00e9xito en cuanto a participaci\u00f3n\u201d.<\/p>\n\n\n\n<p>Una vez dispuesto el podio frente a la sede de la Caja Rural de Cheste, se entreg\u00f3 una medalla a los y las atletas clasificados en primer, segundo y tercer lugar de cada categor\u00eda y tambi\u00e9n hubo premio para los tres primeros equipos m\u00e1s numerosos. Por \u00faltimo, Llorens anunci\u00f3 que, entre los dorsales participantes, se realizar\u00e1 un sorteo de dos entradas para el GP de Motociclismo que se celebrar\u00e1 en el Circuito Ricardo Tormo esta semana. Se avisar\u00e1 a las personas ganadoras telef\u00f3nicamente.<\/p>\n\n\n\n<p>Morell fue el encargado de cerrar el acto con su intervenci\u00f3n, agradeciendo la participaci\u00f3n a todas las personas asistentes. \u201cEn especial doy las gracias al alumnado del IES y al profesorado que se ha sumado a la iniciativa, ya que con su presencia hoy aqu\u00ed hemos batido r\u00e9cord de participantes locales\u201d, declaraba.<\/p>\n\n\n\n<p><strong>Clasificaciones<\/strong><\/p>\n\n\n\n<p>Los resultados de la Carrera Popular de Cheste pueden consultarse en <a href=\"https:\/\/sportmaniacs.com\/es\/services\/inscription\/carrera-popular-cheste\">https:\/\/sportmaniacs.com\/es\/services\/inscription\/carrera-popular-cheste<\/a>&nbsp;<\/p>\n\n\n\n<figure class=\"wp-block-gallery has-nested-images columns-default is-cropped wp-block-gallery-1 is-layout-flex wp-block-gallery-is-layout-flex\">\n<figure class=\"wp-block-image size-large\"><img loading=\"lazy\" decoding=\"async\" width=\"886\" height=\"591\" data-id=\"171152\" src=\"https:\/\/www.tucomarca.com\/wordpress\/segunda\/wp-content\/uploads\/2022\/10\/CHESTE_Carrera-popular_22.jpg\" alt=\"\" class=\"wp-image-171152\" srcset=\"https:\/\/www.tucomarca.com\/wordpress\/segunda\/wp-content\/uploads\/2022\/10\/CHESTE_Carrera-popular_22.jpg 886w, https:\/\/www.tucomarca.com\/wordpress\/segunda\/wp-content\/uploads\/2022\/10\/CHESTE_Carrera-popular_22-300x200.jpg 300w, https:\/\/www.tucomarca.com\/wordpress\/segunda\/wp-content\/uploads\/2022\/10\/CHESTE_Carrera-popular_22-768x512.jpg 768w\" sizes=\"auto, (max-width: 886px) 100vw, 886px\" \/><\/figure>\n\n\n\n<figure class=\"wp-block-image size-large\"><img loading=\"lazy\" decoding=\"async\" width=\"886\" height=\"591\" data-id=\"171154\" src=\"https:\/\/www.tucomarca.com\/wordpress\/segunda\/wp-content\/uploads\/2022\/10\/CHESTE_Carrera-popular_23.jpg\" alt=\"\" class=\"wp-image-171154\" srcset=\"https:\/\/www.tucomarca.com\/wordpress\/segunda\/wp-content\/uploads\/2022\/10\/CHESTE_Carrera-popular_23.jpg 886w, https:\/\/www.tucomarca.com\/wordpress\/segunda\/wp-content\/uploads\/2022\/10\/CHESTE_Carrera-popular_23-300x200.jpg 300w, https:\/\/www.tucomarca.com\/wordpress\/segunda\/wp-content\/uploads\/2022\/10\/CHESTE_Carrera-popular_23-768x512.jpg 768w\" sizes=\"auto, (max-width: 886px) 100vw, 886px\" \/><\/figure>\n\n\n\n<figure class=\"wp-block-image size-large\"><img loading=\"lazy\" decoding=\"async\" width=\"886\" height=\"591\" data-id=\"171156\" src=\"https:\/\/www.tucomarca.com\/wordpress\/segunda\/wp-content\/uploads\/2022\/10\/CHESTE_Carrera-popular_24.jpg\" alt=\"\" class=\"wp-image-171156\" srcset=\"https:\/\/www.tucomarca.com\/wordpress\/segunda\/wp-content\/uploads\/2022\/10\/CHESTE_Carrera-popular_24.jpg 886w, https:\/\/www.tucomarca.com\/wordpress\/segunda\/wp-content\/uploads\/2022\/10\/CHESTE_Carrera-popular_24-300x200.jpg 300w, https:\/\/www.tucomarca.com\/wordpress\/segunda\/wp-content\/uploads\/2022\/10\/CHESTE_Carrera-popular_24-768x512.jpg 768w\" sizes=\"auto, (max-width: 886px) 100vw, 886px\" \/><\/figure>\n\n\n\n<figure class=\"wp-block-image size-large\"><img loading=\"lazy\" decoding=\"async\" width=\"886\" height=\"591\" data-id=\"171150\" src=\"https:\/\/www.tucomarca.com\/wordpress\/segunda\/wp-content\/uploads\/2022\/10\/CHESTE_Carrera-popular_20.jpg\" alt=\"\" class=\"wp-image-171150\" srcset=\"https:\/\/www.tucomarca.com\/wordpress\/segunda\/wp-content\/uploads\/2022\/10\/CHESTE_Carrera-popular_20.jpg 886w, https:\/\/www.tucomarca.com\/wordpress\/segunda\/wp-content\/uploads\/2022\/10\/CHESTE_Carrera-popular_20-300x200.jpg 300w, https:\/\/www.tucomarca.com\/wordpress\/segunda\/wp-content\/uploads\/2022\/10\/CHESTE_Carrera-popular_20-768x512.jpg 768w\" sizes=\"auto, (max-width: 886px) 100vw, 886px\" \/><\/figure>\n\n\n\n<figure class=\"wp-block-image size-large\"><img loading=\"lazy\" decoding=\"async\" width=\"886\" height=\"590\" data-id=\"171144\" src=\"https:\/\/www.tucomarca.com\/wordpress\/segunda\/wp-content\/uploads\/2022\/10\/CHESTE_Carrera-popular_27.jpg\" alt=\"\" class=\"wp-image-171144\" srcset=\"https:\/\/www.tucomarca.com\/wordpress\/segunda\/wp-content\/uploads\/2022\/10\/CHESTE_Carrera-popular_27.jpg 886w, https:\/\/www.tucomarca.com\/wordpress\/segunda\/wp-content\/uploads\/2022\/10\/CHESTE_Carrera-popular_27-300x200.jpg 300w, https:\/\/www.tucomarca.com\/wordpress\/segunda\/wp-content\/uploads\/2022\/10\/CHESTE_Carrera-popular_27-768x511.jpg 768w\" sizes=\"auto, (max-width: 886px) 100vw, 886px\" \/><\/figure>\n\n\n\n<figure class=\"wp-block-image size-large\"><img loading=\"lazy\" decoding=\"async\" width=\"886\" height=\"591\" data-id=\"171146\" src=\"https:\/\/www.tucomarca.com\/wordpress\/segunda\/wp-content\/uploads\/2022\/10\/CHESTE_Carrera-popular_29.jpg\" alt=\"\" class=\"wp-image-171146\" srcset=\"https:\/\/www.tucomarca.com\/wordpress\/segunda\/wp-content\/uploads\/2022\/10\/CHESTE_Carrera-popular_29.jpg 886w, https:\/\/www.tucomarca.com\/wordpress\/segunda\/wp-content\/uploads\/2022\/10\/CHESTE_Carrera-popular_29-300x200.jpg 300w, https:\/\/www.tucomarca.com\/wordpress\/segunda\/wp-content\/uploads\/2022\/10\/CHESTE_Carrera-popular_29-768x512.jpg 768w\" sizes=\"auto, (max-width: 886px) 100vw, 886px\" \/><\/figure>\n<\/figure>\n","protected":false},"excerpt":{"rendered":"<div class=\"mh-excerpt\">Cheste celebr\u00f3 el pasado s\u00e1bado, 29 de octubre, la Carrera Popular 10K+5K, una prueba organizada por la concejal\u00eda de Deportes del Ayuntamiento y patrocinada por la Fundaci\u00f3n cajacheste y Galesa que reuni\u00f3 a cerca de <a class=\"mh-excerpt-more\" href=\"https:\/\/www.tucomarca.com\/wordpress\/segunda\/la-carrera-popular-de-cheste-congrega-a-400-atletas\/\" title=\"La carrera popular de Cheste congrega a 400 atletas\">[+] <\/a><\/div>\n","protected":false},"author":12,"featured_media":171148,"comment_status":"open","ping_status":"open","sticky":false,"template":"","format":"gallery","meta":{"footnotes":""},"categories":[98,17,6,8,10,3],"tags":[920,339,5952],"class_list":{"0":"post-171140","1":"post","2":"type-post","3":"status-publish","4":"format-gallery","5":"has-post-thumbnail","7":"category-atletismo","8":"category-cheste","9":"category-deportes","10":"category-la-comarca","11":"category-la-hoya","12":"category-seccion","13":"tag-carrera-popular","14":"tag-cheste-2","15":"tag-la-hoya-de-bunol-chiva","16":"post_format-post-format-gallery"},"_links":{"self":[{"href":"https:\/\/www.tucomarca.com\/wordpress\/segunda\/wp-json\/wp\/v2\/posts\/171140","targetHints":{"allow":["GET"]}}],"collection":[{"href":"https:\/\/www.tucomarca.com\/wordpress\/segunda\/wp-json\/wp\/v2\/posts"}],"about":[{"href":"https:\/\/www.tucomarca.com\/wordpress\/segunda\/wp-json\/wp\/v2\/types\/post"}],"author":[{"embeddable":true,"href":"https:\/\/www.tucomarca.com\/wordpress\/segunda\/wp-json\/wp\/v2\/users\/12"}],"replies":[{"embeddable":true,"href":"https:\/\/www.tucomarca.com\/wordpress\/segunda\/wp-json\/wp\/v2\/comments?post=171140"}],"version-history":[{"count":0,"href":"https:\/\/www.tucomarca.com\/wordpress\/segunda\/wp-json\/wp\/v2\/posts\/171140\/revisions"}],"wp:featuredmedia":[{"embeddable":true,"href":"https:\/\/www.tucomarca.com\/wordpress\/segunda\/wp-json\/wp\/v2\/media\/171148"}],"wp:attachment":[{"href":"https:\/\/www.tucomarca.com\/wordpress\/segunda\/wp-json\/wp\/v2\/media?parent=171140"}],"wp:term":[{"taxonomy":"category","embeddable":true,"href":"https:\/\/www.tucomarca.com\/wordpress\/segunda\/wp-json\/wp\/v2\/categories?post=171140"},{"taxonomy":"post_tag","embeddable":true,"href":"https:\/\/www.tucomarca.com\/wordpress\/segunda\/wp-json\/wp\/v2\/tags?post=171140"}],"curies":[{"name":"wp","href":"https:\/\/api.w.org\/{rel}","templated":true}]}}